{"id":955,"date":"2024-03-28T12:20:34","date_gmt":"2024-03-28T09:20:34","guid":{"rendered":"https:\/\/wilcotr.com\/?p=955"},"modified":"2024-03-28T14:45:19","modified_gmt":"2024-03-28T11:45:19","slug":"sehrivangazetesi-com-da-yayinlanan-haberimiz","status":"publish","type":"post","link":"https:\/\/wilcotr.com\/en\/2024\/03\/28\/sehrivangazetesi-com-da-yayinlanan-haberimiz\/","title":{"rendered":"Our News Published on Sehrivangazetesi.com"},"content":{"rendered":"<p>Our News Published on Sehrivangazetesi.com<\/p>\n\n\n\n<section id=\"gm3b57c38\" class=\"wp-block-gutentor-m2 section-gm3b57c38 gutentor-module gutentor-dynamic-columns\"><div class=\"grid-container\"><div class=\"grid-row\">\n<div id=\"col-gm6845b0\" class=\"wp-block-gutentor-m2-col col-gm6845b0 gutentor-module gutentor-dynamic-single-column grid-lg-6 grid-md-4 grid-12\"><div id=\"section-gm6845b0\" class=\"section-gm6845b0 gutentor-single-col\">\n<figure class=\"wp-block-image size-large\"><img decoding=\"async\" loading=\"lazy\" width=\"1024\" height=\"879\" src=\"https:\/\/wilcotr.com\/wp-content\/uploads\/2024\/03\/sehrivan-1024x879.jpg\" alt=\"\" class=\"wp-image-945\" srcset=\"https:\/\/wilcotr.com\/wp-content\/uploads\/2024\/03\/sehrivan-1024x879.jpg 1024w, https:\/\/wilcotr.com\/wp-content\/uploads\/2024\/03\/sehrivan-300x257.jpg 300w, https:\/\/wilcotr.com\/wp-content\/uploads\/2024\/03\/sehrivan-768x659.jpg 768w, https:\/\/wilcotr.com\/wp-content\/uploads\/2024\/03\/sehrivan.jpg 1101w\" sizes=\"(max-width: 1024px) 100vw, 1024px\" \/><\/figure>\n<\/div><\/div>\n\n\n\n<div id=\"col-gm9fd421\" class=\"wp-block-gutentor-m2-col col-gm9fd421 gutentor-module gutentor-dynamic-single-column grid-lg-6 grid-md-4 grid-12\"><div id=\"section-gm9fd421\" class=\"section-gm9fd421 gutentor-single-col\">\n<h1 class=\"wp-block-heading has-large-font-size\">Van\u2019dan T\u00fcrkiye\u2019ye a\u00e7\u0131lan \u015firket: WILCO GROUP\u2026<\/h1>\n\n\n\n<p class=\"has-small-font-size\">\u015eEHR\u0130VAN \u00d6ZEL: HAK\u0130M \u0130NAL\u00d6Z\/ SONER \u0130ZG\u0130-\u00a0Gen\u00e7 ya\u015f\u0131da, gen\u00e7 bir giri\u015fimci olma umuduyla \u0130stanbul\u2019un yolunu tutan ve ailesiyle birlikte kurdu\u011fu WILCO Group ad\u0131nda bir \u015firket kuran Vanl\u0131 i\u015fadam\u0131 Mehmet Avc\u0131 ba\u015f\u0131r\u0131l\u0131 \u00e7\u0131k\u0131\u015f\u0131n\u0131 s\u00fcrd\u00fcr\u00fcyor. <\/p>\n\n\n\n<p class=\"has-small-font-size\">20 ya\u015f\u0131ndayken Van\u2019ndan ayr\u0131lan ve o g\u00fcnden sonra sadece \u0130stanbul ve Ankara\u2019n\u0131n de\u011fil, T\u00fcrkiye\u2019nin \u00f6nemli temizlik \u015firketlerinden birisinin CEO\u2019su olan Avc\u0131, son zamanlarda T\u00dcS\u0130AD \u00fcyeli\u011fi, Dostluk Grubu \u00fcyeli\u011fi ve bu grupla birlikte yapt\u0131klar\u0131 tekstil yat\u0131r\u0131m\u0131 gibi hamleler ile dikkatleri \u00fczerine \u00e7ekiyor. <\/p>\n\n\n\n<p class=\"has-small-font-size\"><\/p>\n<\/div><\/div>\n<\/div><\/div><\/section>\n\n\n\n<p class=\"has-small-font-size\">Van Dostluk Grubu Y\u00f6netim Kurulu Ba\u015fkan\u0131 ve Group Genel M\u00fcd\u00fcr\u00fc Vanl\u0131 Mehmet Avc\u0131, T\u00fcrkiye geneli 81 il\u2019de, 2.000 noktada hizmet vererek, \u00fclkemizin en b\u00fcy\u00fck hijyen \u015firketi olman\u0131n gururunu binlerce \u00e7al\u0131\u015fan\u0131m\u0131zla ya\u015famaktay\u0131z, her zaman yenilik\u00e7i bir vizyona sahip kurumsal yap\u0131s\u0131yla ilerleyi\u015fini s\u00fcrd\u00fcren grubumuz; T\u00fcrkiye\u2019de hizmet verdi\u011fi alanlar i\u00e7inde \u00e7ok \u00f6nemli bir konuma gelmi\u015f ve i\u015f yapt\u0131\u011f\u0131 kurumlar taraf\u0131ndan \u00e7al\u0131\u015fmalar\u0131 takdirle bir yap\u0131da olduklar\u0131n\u0131 s\u00f6yledi. Mehmet Avc\u0131, \u201cGrubumuz T\u00fcrkiye ve Yurt D\u0131\u015f\u0131nda Temizlik, Kat\u0131 At\u0131k Y\u00f6netimi, G\u00fcvenlik, \u0130n\u015faat ve Yard\u0131mc\u0131 Personel hizmetleri vermektedir\u201d, \u015feklinde konu\u015ftu. Vanl\u0131 i\u015fadam\u0131 Mehmet Avc\u0131, T\u00fcrkiye genelinde bir \u015firket haline gelen Wilco Group ile ad\u0131ndan s\u00f6z ettirmeye devam ediyor. \u00d6zellikle kompleks ve kurumsal yap\u0131lar\u0131n temizli\u011fi ba\u015fta olmak \u00fczere toplu ta\u015f\u0131ma, AVM, okul, kamu kurumlar\u0131, \u00f6zel kurumlar gibi alanlarda temizlik hizmetleri veren Wiclo son olarak T\u00fcrkiye\u2019nin dev bankas\u0131 Deniz Bank ile anla\u015ft\u0131. Yar\u0131m a\u015f\u0131ra yak\u0131n bir tecr\u00fcbeye sahip olan Wilco Group, CEO\u2019su Avc\u0131 ile her ge\u00e7en g\u00fcn yelpazesini geni\u015fletmeye de devam ediyor. T\u00fcrkiye\u2019nin 81 ilinde hizmet veren bir \u015firket haline gelen Wilco, yenilik\u00e7i yap\u0131s\u0131 ile de dikkatleri \u00e7ekmeye devam ediyor.&nbsp;<\/p>\n\n\n\n<p class=\"has-small-font-size\">Dostluk Grubu\u2019nun Tekstil Kent\u2019teki yat\u0131r\u0131m ortaklar\u0131ndan olan Avc\u0131, ba\u015far\u0131l\u0131 y\u00fckseli\u015fi s\u00fcrerken halihaz\u0131rdaki \u00e7al\u0131\u015fmalar\u0131n\u0131 da \u015eehrivan\u2019a anlatt\u0131. \u00d6ncelikle \u015firketi ile ilgili bilgiler veren Avc\u0131, \u201c\u015eirketimiz 1991 y\u0131l\u0131nda Van\u2019da kurulmu\u015ftur. 2005 y\u0131l\u0131nda \u015firket merkezi, daha geni\u015f a\u011fda \u00e7al\u0131\u015fabilmek i\u00e7in \u0130stanbul\u2019a ta\u015f\u0131nm\u0131\u015ft\u0131r. Wilco Group, T\u00fcrkiye Geneli 81 il, 3 bin 500 noktada temizlik hizmeti sa\u011flamaktad\u0131r. Ko\u00e7 Holding, Ziraat Bankas\u0131 gibi \u00e7al\u0131\u015fan grup, 2019 y\u0131l\u0131nda ba\u015flam\u0131\u015f oldu\u011fu T\u00fcrkiye \u0130\u015f Bankas\u0131, Denizbank ve Kuveytt\u00fcrk kat\u0131l\u0131m Bankas\u0131 projeleriyle kendi alan\u0131m\u0131zda y\u00fczde 33 Pazar pay\u0131 ile T\u00fcrkiye\u2019nin en b\u00fcy\u00fck \u015firketi konumuna geldik.\u201d D\u00dcNYA MARKASI OLMAK \u0130ST\u0130YORUZ Avc\u0131 T\u00fcrkiye ile birlikte d\u00fcnya pazar\u0131nda da yer almak istediklerini belirtirken, \u015firketin finansal anlamda da yoluna emin ad\u0131mlarla devam etti\u011fini belirtti. Avc\u0131: \u201cAyr\u0131ca, T\u00fcrkiye\u2019nin en geni\u015f a\u011fda \u00e7al\u0131\u015fan hijyen \u015firketi konumunday\u0131z. 2017 y\u0131l\u0131nda 104.500.000 TL, 2018 y\u0131l\u0131nda 101.000.000 TL. ciro ile 2 y\u0131l \u00fcst \u00fcste sat\u0131\u015flar\u0131m\u0131z 100 milyonun \u00fczerinde ger\u00e7ekle\u015fti. En b\u00fcy\u00fck hedefimiz Global bir marka haline gelebilmek.\u201d \u015eeklinde konu\u015ftu.<br><br>YEN\u0130L\u0130K\u00c7\u0130 VE \u00dcRETKEN B\u0130R KURUMUZ \u201c\u0130\u015fimize yat\u0131r\u0131m yap\u0131yoruz\u201d diyen Avc\u0131, \u015firketlerinin Ar-Ge \u00e7al\u0131\u015fmalar\u0131n\u0131 aral\u0131ks\u0131z s\u00fcrd\u00fcrd\u00fc\u011f\u00fcn\u00fc de s\u00f6zlerine ekledi. Sekt\u00f6rle ilgili t\u00fcm geli\u015fmeleri dikkatle takip ettiklerini de s\u00f6zlerine ekleyen Avc\u0131, Van\u2019daki yat\u0131r\u0131mlar gibi \u00f6nemli yat\u0131r\u0131mlar yapmaya devam edeceklerini de s\u00f6zlerine ekleyerek Van\u2019dan d\u00fcnyaya a\u00e7\u0131lan dev bir markay\u0131 yaratmak i\u00e7in aral\u0131ks\u0131z \u00e7al\u0131\u015ft\u0131klar\u0131n\u0131 s\u00f6yledi. <\/p>\n\n\n\n<p class=\"has-small-font-size\">\u015eEHR\u0130VAN GAZETES\u0130<\/p>\n\n\n\n<p><a href=\"https:\/\/www.sehrivangazetesi.com\/vandan-turkiyeye-acilan-sirket-wilco-group\">https:\/\/www.sehrivangazetesi.com\/vandan-turkiyeye-acilan-sirket-wilco-group<\/a><\/p>\n\n\n\n<p><\/p>","protected":false},"excerpt":{"rendered":"<p>Sehrivangazetesi.com\u2019 da Yay\u0131nlanan Haberimiz Van Dostluk Grubu Y\u00f6netim Kurulu Ba\u015fkan\u0131 ve Group Genel M\u00fcd\u00fcr\u00fc Vanl\u0131 Mehmet Avc\u0131, T\u00fcrkiye geneli 81 il\u2019de, 2.000 noktada hizmet vererek, \u00fclkemizin en b\u00fcy\u00fck hijyen \u015firketi olman\u0131n gururunu binlerce \u00e7al\u0131\u015fan\u0131m\u0131zla ya\u015famaktay\u0131z, her zaman yenilik\u00e7i bir vizyona sahip kurumsal yap\u0131s\u0131yla ilerleyi\u015fini s\u00fcrd\u00fcren grubumuz; T\u00fcrkiye\u2019de hizmet verdi\u011fi alanlar i\u00e7inde \u00e7ok \u00f6nemli bir konuma [&hellip;]<\/p>","protected":false},"author":1,"featured_media":945,"comment_status":"closed","ping_status":"closed","sticky":false,"template":"","format":"image","meta":{"om_disable_all_campaigns":false,"_uf_show_specific_survey":0,"_uf_disable_surveys":false,"footnotes":""},"categories":[6],"tags":[],"aioseo_notices":[],"gutentor_comment":0,"_links":{"self":[{"href":"https:\/\/wilcotr.com\/en\/wp-json\/wp\/v2\/posts\/955"}],"collection":[{"href":"https:\/\/wilcotr.com\/en\/wp-json\/wp\/v2\/posts"}],"about":[{"href":"https:\/\/wilcotr.com\/en\/wp-json\/wp\/v2\/types\/post"}],"author":[{"embeddable":true,"href":"https:\/\/wilcotr.com\/en\/wp-json\/wp\/v2\/users\/1"}],"replies":[{"embeddable":true,"href":"https:\/\/wilcotr.com\/en\/wp-json\/wp\/v2\/comments?post=955"}],"version-history":[{"count":6,"href":"https:\/\/wilcotr.com\/en\/wp-json\/wp\/v2\/posts\/955\/revisions"}],"predecessor-version":[{"id":1012,"href":"https:\/\/wilcotr.com\/en\/wp-json\/wp\/v2\/posts\/955\/revisions\/1012"}],"wp:featuredmedia":[{"embeddable":true,"href":"https:\/\/wilcotr.com\/en\/wp-json\/wp\/v2\/media\/945"}],"wp:attachment":[{"href":"https:\/\/wilcotr.com\/en\/wp-json\/wp\/v2\/media?parent=955"}],"wp:term":[{"taxonomy":"category","embeddable":true,"href":"https:\/\/wilcotr.com\/en\/wp-json\/wp\/v2\/categories?post=955"},{"taxonomy":"post_tag","embeddable":true,"href":"https:\/\/wilcotr.com\/en\/wp-json\/wp\/v2\/tags?post=955"}],"curies":[{"name":"wp","href":"https:\/\/api.w.org\/{rel}","templated":true}]}}