{"id":2225,"date":"2024-10-24T01:39:01","date_gmt":"2024-10-23T22:39:01","guid":{"rendered":"https:\/\/wilcotr.com\/?p=2225"},"modified":"2024-10-24T01:39:02","modified_gmt":"2024-10-23T22:39:02","slug":"ekonomist-com-trda-yayinlanan-haberimiz","status":"publish","type":"post","link":"https:\/\/wilcotr.com\/en\/2024\/10\/24\/ekonomist-com-trda-yayinlanan-haberimiz\/","title":{"rendered":"Our news story published on ekonomist.com.tr\u2026"},"content":{"rendered":"<p>Our news story published on ekonomist.com.tr\u2026<\/p>\n\n\n\n<section id=\"gm7b7e13c\" class=\"wp-block-gutentor-m2 section-gm7b7e13c gutentor-module gutentor-dynamic-columns\"><div class=\"grid-container\"><div class=\"grid-row\">\n<div id=\"col-gm27fc15\" class=\"wp-block-gutentor-m2-col col-gm27fc15 gutentor-module gutentor-dynamic-single-column grid-lg-6 grid-md-4 grid-12\"><div id=\"section-gm27fc15\" class=\"section-gm27fc15 gutentor-single-col\">\n<figure class=\"wp-block-image size-large\"><img decoding=\"async\" loading=\"lazy\" width=\"1024\" height=\"758\" src=\"https:\/\/wilcotr.com\/wp-content\/uploads\/2024\/10\/ingiltere-haber-1024x758.jpg\" alt=\"\" class=\"wp-image-2227\" srcset=\"https:\/\/wilcotr.com\/wp-content\/uploads\/2024\/10\/ingiltere-haber-1024x758.jpg 1024w, https:\/\/wilcotr.com\/wp-content\/uploads\/2024\/10\/ingiltere-haber-300x222.jpg 300w, https:\/\/wilcotr.com\/wp-content\/uploads\/2024\/10\/ingiltere-haber-768x569.jpg 768w, https:\/\/wilcotr.com\/wp-content\/uploads\/2024\/10\/ingiltere-haber-16x12.jpg 16w, https:\/\/wilcotr.com\/wp-content\/uploads\/2024\/10\/ingiltere-haber.jpg 1179w\" sizes=\"(max-width: 1024px) 100vw, 1024px\" \/><\/figure>\n<\/div><\/div>\n\n\n\n<div id=\"col-gm092ec5\" class=\"wp-block-gutentor-m2-col col-gm092ec5 gutentor-module gutentor-dynamic-single-column grid-lg-6 grid-md-4 grid-12\"><div id=\"section-gm092ec5\" class=\"section-gm092ec5 gutentor-single-col\">\n<h1 class=\"wp-block-heading has-normal-font-size\">\u0130ngiltere\u2019de \u015firket almaya haz\u0131rlan\u0131yor<\/h1>\n\n\n\n<h2 class=\"wp-block-heading has-normal-font-size\">Banka \u015fubelerinden ATM\u2019lere, metrob\u00fcslerden kamu kurulu\u015flar\u0131na kadar T\u00fcrkiye genelinde 14 bin noktada end\u00fcstriyel temizlik hizmeti veren Wilco Grup, yurt d\u0131\u015f\u0131na a\u00e7\u0131l\u0131yor. Wilco Group CEO\u2019su Mehmet Avc\u0131, \u201c2025\u2019te \u0130ngiltere\u2019de bir \u015firket alarak K\u00f6rfez \u00fclkelerine a\u00e7\u0131laca\u011f\u0131z\u201d diyor.<\/h2>\n\n\n\n<p class=\"has-small-font-size\"><\/p>\n<\/div><\/div>\n<\/div><\/div><\/section>\n\n\n\n<p>Pandemi ile birlikte t\u00fcm d\u00fcnyada kent temizli\u011fi ve ki\u015fisel hijyenin \u00f6nemi giderek artt\u0131. Van\u2019da 1991 y\u0131l\u0131nda temelleri at\u0131lan Wilco Group da bu alanda kurumsal hizmet veren \u015firketlerden biri olarak T\u00fcrkiye\u2019de end\u00fcstriyel temizlik sekt\u00f6r\u00fcnde faaliyet g\u00f6steriyor. Grup ofis temizli\u011fi, toplu ta\u015f\u0131ma ara\u00e7lar\u0131 temizli\u011fi, al\u0131\u015fveri\u015f merkezi temizli\u011fi, hastane temizli\u011fi ve hijyeni, okul temizli\u011fi, kat\u0131 at\u0131klar\u0131n toplanmas\u0131, geri d\u00f6n\u00fc\u015ft\u00fcr\u00fclmesinin sa\u011flanmas\u0131 ve a\u00e7\u0131k alanlar\u0131n genel temizli\u011fi konusunda hizmet veriyor.<\/p>\n\n\n\n<p><strong>29 Eyl\u00fcl-12 Ekim tarihli say\u0131dan<\/strong><\/p>\n\n\n\n<p>2023 y\u0131l\u0131nda 850 milyon TL olan cirolar\u0131n\u0131 2024 sonu itibar\u0131yla 1,5 milyar TL\u2019ye \u00e7\u0131karmaya haz\u0131rland\u0131klar\u0131n\u0131 kaydeden \u015firketin ikinci nesil patronu Wilco Group CEO\u2019su Mehmet Avc\u0131, \u201cYeni d\u00f6nemde hedefimizde d\u00fcnyaya a\u00e7\u0131lmak var. Bunun i\u00e7in \u0130ngiltere\u2019de bir \u015firket sat\u0131n almak i\u00e7in g\u00f6r\u00fc\u015f\u00fcyoruz. Bu \u015firketle \u00f6ncelikle K\u00f6rfez \u00fclkelerinde end\u00fcstriyel temizlik pazar\u0131na girece\u011fiz\u201d diye konu\u015fuyor.<\/p>\n\n\n\n<h4 class=\"wp-block-heading\"><strong>14 B\u0130N NOKTADA TEM\u0130ZL\u0130K<\/strong><\/h4>\n\n\n\n<p>Grup T\u00fcrkiye\u2019nin 81 ilinde aralar\u0131nda banka \u015fubeleri, ATM\u2019ler, \u0130stanbul\u2019da metrob\u00fcs ve \u0130zmir\u2019de \u0130ZBAN gibi toplu ta\u015f\u0131ma sistemlerinden \u00fcniversiteler ve kamu kurulu\u015flar\u0131na uzanan 14 bin noktada hizmet veriyor. 5 binin \u00fczerinde \u00e7al\u0131\u015fan sahip olduklar\u0131n\u0131 dile getiren Mehmet Avc\u0131, \u201cBug\u00fcne kadar Mercedez Benz, Ko\u00e7 Holding, Ziraat Bankas\u0131, Karsan gibi k\u00f6kl\u00fc ve g\u00fcvenilir firmalarla \u00e7al\u0131\u015ft\u0131k. Yap\u0131 Kredi\u2019nin t\u00fcm \u015fube, ATM ve b\u00f6lge m\u00fcd\u00fcrl\u00fcklerinin, Ziraat Bankas\u0131\u2019n\u0131n 900, Denizbank\u2019\u0131n 720 \u015fubesinin temizli\u011fini biz yap\u0131yoruz\u201d diye konu\u015fuyor.<\/p>\n\n\n\n<h4 class=\"wp-block-heading\"><strong>PAZAR 245 M\u0130LYAR DOLAR<\/strong><\/h4>\n\n\n\n<p>Son d\u00f6nemde g\u00fcnde 1,5 milyon ki\u015finin kulland\u0131\u011f\u0131 \u0130stanbul metrob\u00fcslerinin temizlik ve yak\u0131t ikmalinden de sorumlu olduklar\u0131n\u0131, \u0130zmir\u2019de ise y\u0131lda 90 milyon ki\u015finin kulland\u0131\u011f\u0131 \u0130ZBAN rayl\u0131 sistemlerinin t\u00fcm istasyon ve vagon temizliklerini \u00fcstlendiklerini anlatan Avc\u0131, \u201cY\u00fczde 100 yerli sermaye olarak yeni d\u00f6nemde hedefimiz elde etti\u011fimiz tecr\u00fcbelerle d\u00fcnyaya a\u00e7\u0131lmak. Bu konudaki ilk hedefimiz de \u0130ngiltere ve K\u00f6rfez \u00fclkeleri olacak\u201d diyor.<\/p>\n\n\n\n<p>K\u00fcresel end\u00fcstriyel temizlik pazar\u0131n\u0131n 245 milyar dolarl\u0131k b\u00fcy\u00fckl\u00fc\u011fe ula\u015ft\u0131\u011f\u0131n\u0131, T\u00fcrkiye\u2019nin ise bu pazardan yakla\u015f\u0131k 2,5 milyar dolarl\u0131k pay ald\u0131\u011f\u0131n\u0131 belirten Mehmet Avc\u0131, \u201cK\u00fcresel pazar\u0131n 2030\u2019a kadar y\u00fczde 10\u2019a yak\u0131n b\u00fcy\u00fcmesi bekleniyor. Biz de d\u00fcnyada iddiam\u0131z\u0131 ortaya koymaya haz\u0131rlan\u0131yoruz\u201d \u015feklinde konu\u015fuyor.<\/p>\n\n\n<div class=\"wp-block-image\">\n<figure class=\"aligncenter size-large is-resized\"><img decoding=\"async\" loading=\"lazy\" width=\"1024\" height=\"567\" src=\"https:\/\/wilcotr.com\/wp-content\/uploads\/2024\/10\/image-1024x567.png\" alt=\"\" class=\"wp-image-2228\" style=\"width:619px;height:auto\" srcset=\"https:\/\/wilcotr.com\/wp-content\/uploads\/2024\/10\/image-1024x567.png 1024w, https:\/\/wilcotr.com\/wp-content\/uploads\/2024\/10\/image-300x166.png 300w, https:\/\/wilcotr.com\/wp-content\/uploads\/2024\/10\/image-768x425.png 768w, https:\/\/wilcotr.com\/wp-content\/uploads\/2024\/10\/image-18x10.png 18w, https:\/\/wilcotr.com\/wp-content\/uploads\/2024\/10\/image.png 1300w\" sizes=\"(max-width: 1024px) 100vw, 1024px\" \/><\/figure><\/div>\n\n\n<p><strong>\u201cHijyen Teknik \u00dcniversitesi kurulmal\u0131\u201d<\/strong><br><em>T\u00fcrkiye\u2019de end\u00fcstriyel temizlik alan\u0131ndaki en \u00f6nemli sorunun \u00fclkedeki \u2018hijyen m\u00fchendisi\u2019 eksikli\u011fi oldu\u011funu dile getiren Mehmet Avc\u0131, \u015funlar\u0131 dille getiriyor: \u201cPandemiden sonra \u00e7ok daha kritik bir sekt\u00f6r haline gelen end\u00fcstriyel temizlik alan\u0131nda maalesef ciddi bir m\u00fchendis a\u00e7\u0131\u011f\u0131m\u0131z var. Bu konuda bilimsel e\u011fitim veren tek bir kurulu\u015fumuz yok. \u015eu anda ne yaz\u0131k ki T\u00fcrkiye\u2019de hijyen denetimini g\u0131da m\u00fchendisleri \u00fcstleniyor. Oysa bir an \u00f6nce Almanya\u2019daki gibi, 80 milyonluk T\u00fcrkiye\u2019de de Hijyen Teknik \u00dcniversitesi a\u00e7\u0131lmal\u0131. H\u0131zla sekt\u00f6r\u00fcm\u00fcze m\u00fchendis yeti\u015ftirmeliyiz. Bu konuda Y\u00d6K ile, e\u011fitim kurumlar\u0131yla elimizden geldi\u011fince g\u00f6r\u00fc\u015fmeye, sekt\u00f6r\u00fcn ihtiyac\u0131n\u0131 anlatmaya \u00e7al\u0131\u015f\u0131yoruz.\u201d<\/em><\/p>\n\n\n\n<p><a href=\"https:\/\/www.ekonomist.com.tr\/makale\/ingiltere-de-sirket-almaya-hazirlaniyor-53600\">https:\/\/www.ekonomist.com.tr\/makale\/ingiltere-de-sirket-almaya-hazirlaniyor-53600<\/a><\/p>","protected":false},"excerpt":{"rendered":"<p>ekonomist.com.tr\u2019da Yay\u0131nlanan Haberimiz\u2026 Pandemi ile birlikte t\u00fcm d\u00fcnyada kent temizli\u011fi ve ki\u015fisel hijyenin \u00f6nemi giderek artt\u0131. Van\u2019da 1991 y\u0131l\u0131nda temelleri at\u0131lan Wilco Group da bu alanda kurumsal hizmet veren \u015firketlerden biri olarak T\u00fcrkiye\u2019de end\u00fcstriyel temizlik sekt\u00f6r\u00fcnde faaliyet g\u00f6steriyor. Grup ofis temizli\u011fi, toplu ta\u015f\u0131ma ara\u00e7lar\u0131 temizli\u011fi, al\u0131\u015fveri\u015f merkezi temizli\u011fi, hastane temizli\u011fi ve hijyeni, okul temizli\u011fi, kat\u0131 [&hellip;]<\/p>","protected":false},"author":1,"featured_media":2227,"comment_status":"closed","ping_status":"closed","sticky":false,"template":"","format":"standard","meta":{"om_disable_all_campaigns":false,"_uf_show_specific_survey":0,"_uf_disable_surveys":false,"footnotes":""},"categories":[6],"tags":[],"aioseo_notices":[],"gutentor_comment":0,"_links":{"self":[{"href":"https:\/\/wilcotr.com\/en\/wp-json\/wp\/v2\/posts\/2225"}],"collection":[{"href":"https:\/\/wilcotr.com\/en\/wp-json\/wp\/v2\/posts"}],"about":[{"href":"https:\/\/wilcotr.com\/en\/wp-json\/wp\/v2\/types\/post"}],"author":[{"embeddable":true,"href":"https:\/\/wilcotr.com\/en\/wp-json\/wp\/v2\/users\/1"}],"replies":[{"embeddable":true,"href":"https:\/\/wilcotr.com\/en\/wp-json\/wp\/v2\/comments?post=2225"}],"version-history":[{"count":2,"href":"https:\/\/wilcotr.com\/en\/wp-json\/wp\/v2\/posts\/2225\/revisions"}],"predecessor-version":[{"id":2402,"href":"https:\/\/wilcotr.com\/en\/wp-json\/wp\/v2\/posts\/2225\/revisions\/2402"}],"wp:featuredmedia":[{"embeddable":true,"href":"https:\/\/wilcotr.com\/en\/wp-json\/wp\/v2\/media\/2227"}],"wp:attachment":[{"href":"https:\/\/wilcotr.com\/en\/wp-json\/wp\/v2\/media?parent=2225"}],"wp:term":[{"taxonomy":"category","embeddable":true,"href":"https:\/\/wilcotr.com\/en\/wp-json\/wp\/v2\/categories?post=2225"},{"taxonomy":"post_tag","embeddable":true,"href":"https:\/\/wilcotr.com\/en\/wp-json\/wp\/v2\/tags?post=2225"}],"curies":[{"name":"wp","href":"https:\/\/api.w.org\/{rel}","templated":true}]}}