{"id":1050,"date":"2024-03-28T15:45:15","date_gmt":"2024-03-28T12:45:15","guid":{"rendered":"https:\/\/wilcotr.com\/?p=1050"},"modified":"2024-03-28T15:45:16","modified_gmt":"2024-03-28T12:45:16","slug":"ekonomimanset-comda-yayinlanan-haberimiz","status":"publish","type":"post","link":"https:\/\/wilcotr.com\/en\/2024\/03\/28\/ekonomimanset-comda-yayinlanan-haberimiz\/","title":{"rendered":"Our News Published on Ekonomimanset.com\u2026"},"content":{"rendered":"<p>Our News Published on Ekonomimanset.com\u2026<\/p>\n\n\n\n<section id=\"gm2872abf\" class=\"wp-block-gutentor-m2 section-gm2872abf gutentor-module gutentor-dynamic-columns\"><div class=\"grid-container\"><div class=\"grid-row\">\n<div id=\"col-gm7d8dba\" class=\"wp-block-gutentor-m2-col col-gm7d8dba gutentor-module gutentor-dynamic-single-column grid-lg-6 grid-md-4 grid-12\"><div id=\"section-gm7d8dba\" class=\"section-gm7d8dba gutentor-single-col\">\n<figure class=\"wp-block-image size-large\"><img decoding=\"async\" loading=\"lazy\" width=\"1024\" height=\"837\" src=\"https:\/\/wilcotr.com\/wp-content\/uploads\/2024\/03\/ekonomi_manset-1024x837.jpg\" alt=\"\" class=\"wp-image-1051\" srcset=\"https:\/\/wilcotr.com\/wp-content\/uploads\/2024\/03\/ekonomi_manset-1024x837.jpg 1024w, https:\/\/wilcotr.com\/wp-content\/uploads\/2024\/03\/ekonomi_manset-300x245.jpg 300w, https:\/\/wilcotr.com\/wp-content\/uploads\/2024\/03\/ekonomi_manset-768x628.jpg 768w, https:\/\/wilcotr.com\/wp-content\/uploads\/2024\/03\/ekonomi_manset.jpg 1101w\" sizes=\"(max-width: 1024px) 100vw, 1024px\" \/><\/figure>\n<\/div><\/div>\n\n\n\n<div id=\"col-gmfdd9df\" class=\"wp-block-gutentor-m2-col col-gmfdd9df gutentor-module gutentor-dynamic-single-column grid-lg-6 grid-md-4 grid-12\"><div id=\"section-gmfdd9df\" class=\"section-gmfdd9df gutentor-single-col\">\n<h1 class=\"wp-block-heading has-normal-font-size\">D\u00fcnyan\u0131n ortas\u0131 T\u00fcrkiye<\/h1>\n\n\n\n<h2 class=\"wp-block-heading has-normal-font-size\">Dostluk Grubu kurucular\u0131ndan, WILCO Group CEO\u2019su T\u00dcS\u0130AD \u00fcyesi Mehmet Avc\u0131, y\u00f6netim ve ofis hayat\u0131 ile ilgili yaz\u0131lar\u0131yla ekonomimanset.com\u2019da\u2026<\/h2>\n\n\n\n<p class=\"has-small-font-size\">Hunlar&nbsp;d\u00f6neminde, T\u00fcrk ka\u011fanlar\u0131, ota\u011flar\u0131n\u0131n kap\u0131lar\u0131n\u0131 Do\u011fu\u2019ya yani g\u00fcne\u015fin do\u011fdu\u011fu y\u00f6ne a\u00e7arlard\u0131. G\u00fcn a\u011farmaya ba\u015flay\u0131nca, d\u0131\u015far\u0131ya ad\u0131mlar\u0131n\u0131 atar, kuru bozk\u0131rdan esip gelen r\u00fczgara kar\u015f\u0131 g\u00f6zlerini k\u0131sarak, g\u00fcne\u015fe bakar, hatta ona kar\u015f\u0131 ibadet ederlerdi. \u00c7\u00fcnk\u00fc g\u00fcne\u015f onlar i\u00e7in koruyucu ve ebedi bir varl\u0131kt\u0131. G\u00fcn\u00fc ba\u015flatan, topra\u011f\u0131 \u0131s\u0131tan, canl\u0131lara hayat veren ve \u0131\u015f\u0131\u011f\u0131n\u0131 Tanr\u0131\u2019dan alan bir g\u00fc\u00e7. Bu anlamda kutsi bir anlam ifade ediyordu.<\/p>\n<\/div><\/div>\n<\/div><\/div><\/section>\n\n\n\n<p class=\"has-small-font-size\">Modern d\u00fcnyada g\u00fcne\u015fin do\u011fdu\u011fu yer kadar g\u00fcne\u015fin batt\u0131\u011f\u0131 yer de \u00e7ok \u00f6nemli. Biliyoruz ki bizim ufkumuzda batan g\u00fcne\u015f, ba\u015fka co\u011fraflarda ba\u015fka toplumlar\u0131n ufkunda yeniden do\u011fuyor. \u00c7\u00fcnk\u00fc d\u00fcnyan\u0131n art\u0131k kendi ya\u015fad\u0131\u011f\u0131m\u0131z co\u011frafyadan daha b\u00fcy\u00fck, b\u00fct\u00fcnc\u00fcl ve \u00e7ok boyutlu bir alan oldu\u011funun bilincindeyiz.<\/p>\n\n\n\n<p class=\"has-small-font-size\">Nitekim tarihsel s\u00fcre\u00e7, modern-jeopolitik bilince sahip insan i\u00e7in Do\u011fu ve Bat\u0131\u2019y\u0131, y\u00f6n ifade eden basit s\u00f6zc\u00fckler olarak de\u011fil, aksine son derece g\u00fc\u00e7l\u00fc, ideolojik anlamlara sahip kavramlar haline getirdi. Tabi birbirinden \u00e7ok farkl\u0131 bir Do\u011fu ve Bat\u0131 tarifi geli\u015fti. Hatta toplumlara bu anlamda bir se\u00e7im yapmalar\u0131 gerekti\u011fini \u00f6nerenler de oluyor. Ancak post-dijital d\u00fcnya, tek bir \u00fclkeye, tek bir co\u011frafyaya ya da tek bir ideolojik bloga t\u00fcm\u00fcyle ba\u011fl\u0131, di\u011ferlerine t\u00fcm\u00fcyle kapal\u0131 monogamik t\u00fcrde uluslararas\u0131 ili\u015fkileri de\u011fil, poligamik ili\u015fkiler kurmay\u0131 gerektiriyor art\u0131k. Bu anlamda devletler, evrensel hukuk ve demokrasi ilkelerini esas ald\u0131klar\u0131 s\u00fcrece, stratejik olarak ayn\u0131 anda Do\u011fu\u2019da Bat\u0131\u2019da yer alabilirler.&nbsp;&nbsp;<\/p>\n\n\n\n<p class=\"has-small-font-size\">G\u00fcn\u00fcm\u00fcz\u00fcn \u00e7ok kutuplu d\u00fcnyas\u0131nda Do\u011fu\u2019dan y\u00fckselen \u00e7ok b\u00fcy\u00fck bir ekonomik g\u00fc\u00e7 var; \u00c7in. Bat\u0131\u2019da ise Avrupa ve Amerika\u2019dan olu\u015fan ayr\u0131 bir ekonomik g\u00fc\u00e7 duruyor. Ve bir de yukar\u0131ya, kuzeye bakmak gerekiyor. Orada da Rusya yer al\u0131yor. Her bir kutup aras\u0131nda ekonomik ve siyasi bir rekabet var. Bir de b\u00f6lgesel g\u00fc\u00e7ler ve onlar aras\u0131ndaki ittifaklar, \u00e7at\u0131\u015fmalar ve rekabet var tabi ki.&nbsp;<\/p>\n\n\n\n<p class=\"has-small-font-size\">B\u00f6yle bir jeopolitik harita i\u00e7inde, her ekomomik g\u00fcc\u00fcn d\u00fcnyaya vermeye \u00e7al\u0131\u015ft\u0131\u011f\u0131 siyasi bir renk, k\u00fclt\u00fcrel bir ton var. B\u00f6ylece her bir blog, d\u00fcnyay\u0131 kendi \u00e7izgilerinde d\u00f6n\u00fc\u015ft\u00fcrmeye \u00e7al\u0131\u015f\u0131yor. Ancak belli maksatlarla hareket eden b\u00fct\u00fcn bu y\u00f6nlendirici akt\u00f6rlerin yan\u0131 s\u0131ra, d\u00fcnyan\u0131n bir de kendi do\u011fal de\u011fi\u015fim dinamikleri var. Hatta bu do\u011fal dinamikler, bazen t\u00fcm bu kurgusal hesaplar\u0131n \u00f6n\u00fcne ge\u00e7iyor ve kendi oyununu kurabiliyor.<\/p>\n\n\n\n<p class=\"has-small-font-size\"><strong>\u00c7ATI\u015eARAK DE\u011e\u0130L \u0130\u015e B\u0130RL\u0130\u011e\u0130 YAPARAK REKABET<\/strong><\/p>\n\n\n\n<p class=\"has-small-font-size\">K\u00fcresel Is\u0131nma\u2019n\u0131n yol a\u00e7t\u0131\u011f\u0131 do\u011fal felaketler ve Covid gibi sorunlar i\u015fte bu t\u00fcrden do\u011fal dinamikler. E\u015fitsizli\u011fin korkun\u00e7 boyutlarda oldu\u011fu d\u00fcnyada, bu sorunlar nedeniyle \u00fclkeler bir bak\u0131ma e\u015fitlendi. Dolay\u0131s\u0131yla bu e\u015fitlenme onlar\u0131, kal\u0131plar\u0131n d\u0131\u015f\u0131nda \u00e7\u0131kmaya ve o kal\u0131plar\u0131n d\u0131\u015f\u0131nda d\u00fc\u015f\u00fcnmeye zorlad\u0131. Brezilya\u2019da covid devam ettik\u00e7e, Amerika\u2019n\u0131n a\u015f\u0131 ve tedaviye eri\u015fim imkanlar\u0131 a\u00e7\u0131s\u0131ndan kendini covid sorunundan t\u00fcm\u00fcyle soyutlayabilmesi ve g\u00fcvende hissetmesi m\u00fcmk\u00fcn de\u011fil. Yine Avrupa Birli\u011fi \u00fclkeleri karbon sal\u0131n\u0131m\u0131n\u0131 \u00f6nleyici tedbirler alabilirler, ancak Afrika \u00fclkeleri bu tedbirleri alm\u0131yorsa, AB\u2019nin tek ba\u015f\u0131na hareket etmesi, iklim de\u011fi\u015fikli\u011fi kaynakl\u0131 felaketleri engelleyemeyecek.<\/p>\n\n\n\n<p class=\"has-small-font-size\">B\u00fct\u00fcn bu ortak tecr\u00fcbelerin ard\u0131ndan, D\u00fcnyan\u0131n son bir ka\u00e7 y\u0131lda kendine \u00e7\u0131kard\u0131\u011f\u0131 \u00e7ok \u00f6nemli bir ders var, o da \u015fu: s\u00fcrd\u00fcr\u00fclebilir bir d\u00fcnya i\u00e7in devletler, birlikte hareket etmeli. \u00dclkelerin ger\u00e7ek bir d\u00f6n\u00fc\u015f\u00fcm yarabilmeleri i\u00e7in birbirlerine ihtiya\u00e7lar\u0131 var. Ekonomik ve siyasi rakabeti kavga ederek de\u011fil, i\u015fbirli\u011fi yaparak devam ettirmeleri gerekiyor. Kula\u011fa 1900\u2019lerin enternasyonalizm kavram\u0131n\u0131 \u00e7a\u011fr\u0131\u015ft\u0131ran bir geli\u015fme bu.&nbsp;<\/p>\n\n\n\n<p class=\"has-small-font-size\"><strong>YOKSULLUK PEK \u00c7OK SORUNUN KAYNA\u011eI ZENG\u0130NL\u0130K \u0130SE PEK \u00c7OK SORUNUN \u00c7\u00d6Z\u00dcM\u00dc<\/strong><\/p>\n\n\n\n<p class=\"has-small-font-size\">Global Is\u0131nma, b\u00f6lgesel \u00e7at\u0131\u015fmalar, ter\u00f6rizm, fiziki ve mental sa\u011fl\u0131k sorunlar\u0131&nbsp;ve ekonomik zorluklar\u0131n a\u011f\u0131r g\u00f6lgesi d\u00fcnyan\u0131n \u00fczerindeyken, toplumlar, daha&nbsp;konforlu bir ya\u015fam i\u00e7in kendi devletlerden daha fazla zenginlik talebinde&nbsp;bulunuyorlar. Bireylerin, insan onuruna yak\u0131\u015fan bir hayat talep etmelerinden&nbsp;daha do\u011fal bir \u015fey olamaz. Bunu elbette anlamal\u0131 ve bu konuda neler&nbsp;yap\u0131labilece\u011fi \u00fczerinde d\u00fc\u015f\u00fcnmeliyiz.<\/p>\n\n\n\n<p class=\"has-small-font-size\">Yoksullu\u011fun pek \u00e7ok sorunun kayna\u011f\u0131 ve zenginli\u011fin de pek \u00e7ok sorunun&nbsp;\u00e7\u00f6z\u00fcm\u00fc oldu\u011funun hepimiz fark\u0131nday\u0131z. O halde d\u00fcnyan\u0131n ekonomik anlamda&nbsp;daha do\u011fru yap\u0131land\u0131r\u0131lmas\u0131 ve ya\u015fad\u0131\u011f\u0131m\u0131z i\u00e7 ve d\u0131\u015f \u00e7alkant\u0131lar\u0131n \u00e7\u00f6z\u00fclmesi i\u00e7in&nbsp;zenginlik \u015fart.Tabi e\u015fit gelir da\u011f\u0131l\u0131m\u0131na dayal\u0131 bir zenginle\u015fmeden s\u00f6z ediyorum ben.<\/p>\n\n\n\n<p class=\"has-small-font-size\">Peki bu durumda T\u00fcrkiye kendi ekonomik imkanlar\u0131n\u0131 ya da seviyesini nas\u0131l ilerletip bunu stabil hale getirecek? K\u00fclt\u00fcrel olarak kendini nas\u0131l konumland\u0131racak? D\u00fcnya \u00fclkeleri i\u00e7inde nas\u0131l bir rol oynayacak? Hangi konularda \u00f6nc\u00fcl\u00fck yapacak? Kimlere neden ilham verecek? \u015eu i\u00e7inde bulundu\u011funuz makalenin g\u00fcc\u00fc elbette bu sorular\u0131n yan\u0131t\u0131n\u0131 vermeye yetmez. Ancak Hac\u0131 Bekta\u015f Veli\u2019nin \u2018Ara Bul\u2019 s\u00f6z\u00fcndeki gibi bu sorular\u0131n cevab\u0131n\u0131 kollektif olarak aray\u0131p, bulmaya ve d\u00fc\u015f\u00fcnmeye \u00e7al\u0131\u015fman\u0131n da hi\u00e7 bir zarar\u0131 yok.<\/p>\n\n\n\n<p class=\"has-small-font-size\"><strong>T\u00dcRK\u0130YE\u2019N\u0130N ADAPTASYON KAB\u0130L\u0130YET\u0130<\/strong><\/p>\n\n\n\n<p class=\"has-small-font-size\">Konumland\u0131rma bak\u0131m\u0131ndan T\u00fcrkiye\u2019nin iki \u00f6nemli kabiliyetini bilmekte yarar var: Birincisi, Do\u011fu ve Bat\u0131 medeniyetleri aras\u0131nda k\u00fclt\u00fcrel ve ekonomik bir k\u00f6pr\u00fc olmas\u0131 yani jeopolitik g\u00fcc\u00fc. \u0130kincisi ise adaptasyon g\u00fcc\u00fc. Bu iki rasyonel fakt\u00f6r\u00fc, do\u011fru hayallere dayal\u0131 planlar ve iyi uygulanan projeler \u00fczerine oturttu\u011funuz vakit, T\u00fcrkiye\u2019nin, Do\u011fu\u2019yu Bat\u0131\u2019ya ba\u011flayan ticari ve k\u00fclt\u00fcrel bir hub olmamas\u0131 i\u00e7in hi\u00e7 bir sebep kalmayacak. Uluslaras\u0131 finans\u0131, ticareti, kalifiye insan kapitalini, sanat\u00e7\u0131y\u0131 \u00e7eken ve creative giri\u015fimlere elveri\u015fli bir T\u00fcrkiye, itibar olarak d\u00fcnyan\u0131n tam ortas\u0131na yerle\u015fecektir.<\/p>\n\n\n\n<p class=\"has-small-font-size\">Bu anlamda d\u00fcnyada, \u015fehir bazl\u0131 olarak \u00f6ne \u00e7\u0131kan global hublar\u0131n kriterlerinin ne oldu\u011funa bakmak bizim i\u00e7in yol g\u00f6sterici olacakt\u0131r. \u00d6rne\u011fin Lonra merkezli Z\/Yen Group, d\u00fczenli olarak Global Finans Merkezleri \u0130ndeksi\u2019ni yay\u0131ml\u0131yor (Global Financial Centers Index-GFCI). Bu \u0130ndekste, genellikle New York ve Londra gibi iki \u015fehir en tepede yer al\u0131yor. 24 Eyl\u00fcl 2021\u2019de 30.\u2019su yay\u0131mlanan \u0130ndeksin yeni versiyonunda, Londra\u2019y\u0131 Singapur, San Fransisko, \u015eangay, Los Angeles, Pekin,Tokyo, Paris ve \u015eikago takip ediyor.<\/p>\n\n\n\n<p class=\"has-small-font-size\"><strong>GLOBAL F\u0130NANSAL MERKEZLER\u0130 L\u0130STES\u0130NDE \u0130STANBUL 61. SIRADA<\/strong><\/p>\n\n\n\n<p class=\"has-small-font-size\">Bu listede ne yaz\u0131k ki \u0130stanbul 61. s\u0131rada yer al\u0131yor.<\/p>\n\n\n\n<p class=\"has-small-font-size\">\u0130ndeksteki 126 finansal merkez tizlikli inceleniyor. 100\u2019\u00fcn \u00fczerinde fakt\u00f6re bak\u0131l\u0131yor ve bu fakt\u00f6rlerle ilgili veriler D\u00fcnya Bankas\u0131, Economist \u0130ntelligence Unit ve Birle\u015fmi\u015f Milletler gibi g\u00fcvenilir kurumlardan sa\u011flan\u0131yor. Ayr\u0131ca Global \u015firketlerin \u00fcst d\u00fczey y\u00f6neticileriyle yap\u0131lan anketler var. Hatta baz\u0131lar\u0131yla y\u00fczy\u00fcze g\u00f6r\u00fc\u015fmeler yap\u0131larak bilgi al\u0131n\u0131yor. Liste haz\u0131rlan\u0131rken, finansal ve ekonomik g\u00f6stergeler \u00e7ok b\u00fcy\u00fck bir \u00f6nem ta\u015f\u0131yor ama bunun d\u0131\u015f\u0131nda sosyal, k\u00fclt\u00fcrel ve politik fakt\u00f6rlerin de derecelendirme yap\u0131l\u0131rken \u00e7ok b\u00fcy\u00fck bir \u00f6nemi oldu\u011funu g\u00f6r\u00fcyoruz. \u00d6rne\u011fin o kentin yabanc\u0131lara ve yabanc\u0131 k\u00fclt\u00fcre ne kadar a\u00e7\u0131k oldu\u011fu, k\u00fclt\u00fcrel ve sanatsal aktivitelerinin zenginli\u011fi ve e\u011flence hayat\u0131ndaki \u00e7e\u015fitlili\u011fe kadar \u00e7ok farkl\u0131 unsurlara bak\u0131l\u0131yor.&nbsp;&nbsp;<\/p>\n\n\n\n<p class=\"has-small-font-size\"><strong>S\u0130NGAPUR YETENEK HAVUZU<\/strong><\/p>\n\n\n\n<p class=\"has-small-font-size\">2021 \u0130ndeksine \u00e7er\u00e7evesinde haz\u0131rlanan raporda, Singapur\u2019un bir yetenek havuzu olarak g\u00f6r\u00fclmesi dikkat \u00e7ekici. Bunun sebebi olarak da d\u00fcnya klasman\u0131ndaki be\u015f \u00fcniversitenin \u00fclke vatanda\u015flar\u0131na \u00fccretsiz e\u011fitim vermesi g\u00f6r\u00fcl\u00fcyor. Ayr\u0131ca \u00f6\u011frencilere verilen burslar da ba\u015fka bir etken. Bir ba\u015fka fakt\u00f6r maa\u015flar ve \u00fccretli tatil ko\u015fullar\u0131<\/p>\n\n\n\n<p class=\"has-small-font-size\">\u0130ndex haz\u0131rlan\u0131rken o \u015fehrin ve \u00fclkenin genel olarak i\u015f yapmak i\u00e7in nas\u0131l bir ortam oldu\u011funa bak\u0131l\u0131yor. Politik ortam nas\u0131l? Bu anlamda bir istikrar var m\u0131? Hukuksal yap\u0131 nas\u0131l ve evrensel standartlarda i\u015fletiliyor mu? Kurumlar\u0131n yap\u0131s\u0131n\u0131 ve hareketlerini d\u00fczenleyen kurallar yeterli mi ve uygulan\u0131yor mu? Makroekonomik durum nas\u0131l? Vergilendirme nas\u0131l i\u015fliyor? Rekabet konusunda avantaj ve dezavantajlar neler?<\/p>\n\n\n\n<p><strong>\u015eEH\u0130RLER\u0130N \u0130T\u0130BAR KARNES\u0130<\/strong><\/p>\n\n\n\n<p class=\"has-small-font-size\">\u0130kinci ana ba\u015fl\u0131k ise \u0130nsan Kayna\u011f\u0131. Yeterli say\u0131da yeti\u015fmi\u015f kalifiye i\u015fg\u00fcc\u00fc var m\u0131? \u0130nsan e\u011fitimi ne durumda? Bireyler i\u00e7in genel hayat kalitesinin d\u00fczeyi nedir? \u00c7al\u0131\u015fma hayat\u0131 nas\u0131l? \u00dccretler nas\u0131l? \u00c7al\u0131\u015fanlar\u0131n haklar\u0131 konusundaki durum nas\u0131l?<\/p>\n\n\n\n<p class=\"has-small-font-size\">Bir di\u011fer temel kategori ise altyap\u0131. Ula\u015f\u0131m ve ileti\u015fim altyap\u0131s\u0131 ne durumda ve bu alanda s\u00fcrd\u00fcr\u00fclebilir ilerleme s\u00f6z konusu mu. Ba\u015fka bir temel kategoride ise sadece finansal g\u00f6stergelere bak\u0131l\u0131yor. Son olarak \u015fehirlerin itibar\u0131na bak\u0131l\u0131yor. Bir marka olarak d\u0131\u015far\u0131dan nas\u0131l g\u00f6r\u00fcn\u00fcyor? Nas\u0131l bir karnesi var? \u0130novasyon ortam\u0131 nas\u0131l? K\u00fclt\u00fcrel \u00e7e\u015fitlili\u011fe sahip mi? Yabanc\u0131lara a\u00e7\u0131k m\u0131? Di\u011fer \u015fehirlerden \u00fcst\u00fcnl\u00fck sa\u011flayabilece\u011fi rekabet avantajlar\u0131 neler?<\/p>\n\n\n\n<p class=\"has-small-font-size\">Dolay\u0131s\u0131yla b\u00fct\u00fcn bu kategorilerde en iyi olan \u015fehirler ve \u00fclkeler, d\u00fcnyadaki finans\u0131n \u00e7ekim merkezi oluyor. Yat\u0131r\u0131mc\u0131lar bu \u015fehirlere y\u00f6neliyor. Oralarda kendilerini rahat, g\u00fcvende ve verimli hissediyorlar. Dolay\u0131s\u0131yla bu da o \u015fehirlerin daha fazla zenginle\u015fmesine neden oluyor. \u015eehirlerin zenginle\u015fmesi demek&nbsp; bulunduklar\u0131 \u00fclkenin zenginle\u015fmesi demek.&nbsp;<\/p>\n\n\n\n<p class=\"has-small-font-size\">Global Finans Merkezleri \u0130ndeksi\u2019ne bakt\u0131\u011f\u0131n\u0131zda y\u00fckselmenin y\u00f6ntemlerinin s\u0131r olmad\u0131\u011f\u0131n\u0131 g\u00f6r\u00fcyorsunuz. Bu y\u00f6ntemleri gerekti\u011fi gibi uygulayan \u00fclkeler ve \u015fehirler kazan\u0131yor, zenginle\u015fiyor ve \u00f6ne ge\u00e7iyor. Bizim binlerce y\u0131ll\u0131k tarihi boyunca pek \u00e7ok medeniyete ba\u015fkentlik yapm\u0131\u015f olan<\/p>\n\n\n\n<p class=\"has-small-font-size\">\u0130stanbul gibi bir \u015fehrimiz var. D\u00fcnyada iki k\u0131tay\u0131 birbirine ba\u011flayan tek \u015fehir. E\u011fer \u0130stanbul ve genel olarak T\u00fcrkiye, d\u00fcnyada medeniyetlerini ticari, k\u00fclt\u00fcrel ve siyasi olarak birbirlerine ba\u011flayabilirse, d\u00fcnyan\u0131n tam ortas\u0131nda yer alan parlak bir y\u0131ld\u0131z olacakt\u0131r.\u00a0<\/p>\n\n\n\n<p><a href=\"https:\/\/ekonomimanset.com\/dunyanin-ortasi-turkiye\">https:\/\/ekonomimanset.com\/dunyanin-ortasi-turkiye<\/a><\/p>","protected":false},"excerpt":{"rendered":"<p>Ekonomimanset.com\u2019da Yay\u0131nlanan Haberimiz&#8230; Modern d\u00fcnyada g\u00fcne\u015fin do\u011fdu\u011fu yer kadar g\u00fcne\u015fin batt\u0131\u011f\u0131 yer de \u00e7ok \u00f6nemli. Biliyoruz ki bizim ufkumuzda batan g\u00fcne\u015f, ba\u015fka co\u011fraflarda ba\u015fka toplumlar\u0131n ufkunda yeniden do\u011fuyor. \u00c7\u00fcnk\u00fc d\u00fcnyan\u0131n art\u0131k kendi ya\u015fad\u0131\u011f\u0131m\u0131z co\u011frafyadan daha b\u00fcy\u00fck, b\u00fct\u00fcnc\u00fcl ve \u00e7ok boyutlu bir alan oldu\u011funun bilincindeyiz. Nitekim tarihsel s\u00fcre\u00e7, modern-jeopolitik bilince sahip insan i\u00e7in Do\u011fu ve Bat\u0131\u2019y\u0131, [&hellip;]<\/p>","protected":false},"author":1,"featured_media":1051,"comment_status":"closed","ping_status":"closed","sticky":false,"template":"","format":"standard","meta":{"om_disable_all_campaigns":false,"_uf_show_specific_survey":0,"_uf_disable_surveys":false,"footnotes":""},"categories":[6],"tags":[],"aioseo_notices":[],"gutentor_comment":0,"_links":{"self":[{"href":"https:\/\/wilcotr.com\/en\/wp-json\/wp\/v2\/posts\/1050"}],"collection":[{"href":"https:\/\/wilcotr.com\/en\/wp-json\/wp\/v2\/posts"}],"about":[{"href":"https:\/\/wilcotr.com\/en\/wp-json\/wp\/v2\/types\/post"}],"author":[{"embeddable":true,"href":"https:\/\/wilcotr.com\/en\/wp-json\/wp\/v2\/users\/1"}],"replies":[{"embeddable":true,"href":"https:\/\/wilcotr.com\/en\/wp-json\/wp\/v2\/comments?post=1050"}],"version-history":[{"count":2,"href":"https:\/\/wilcotr.com\/en\/wp-json\/wp\/v2\/posts\/1050\/revisions"}],"predecessor-version":[{"id":2226,"href":"https:\/\/wilcotr.com\/en\/wp-json\/wp\/v2\/posts\/1050\/revisions\/2226"}],"wp:featuredmedia":[{"embeddable":true,"href":"https:\/\/wilcotr.com\/en\/wp-json\/wp\/v2\/media\/1051"}],"wp:attachment":[{"href":"https:\/\/wilcotr.com\/en\/wp-json\/wp\/v2\/media?parent=1050"}],"wp:term":[{"taxonomy":"category","embeddable":true,"href":"https:\/\/wilcotr.com\/en\/wp-json\/wp\/v2\/categories?post=1050"},{"taxonomy":"post_tag","embeddable":true,"href":"https:\/\/wilcotr.com\/en\/wp-json\/wp\/v2\/tags?post=1050"}],"curies":[{"name":"wp","href":"https:\/\/api.w.org\/{rel}","templated":true}]}}