{"id":1047,"date":"2024-03-28T15:40:22","date_gmt":"2024-03-28T12:40:22","guid":{"rendered":"https:\/\/wilcotr.com\/?p=1047"},"modified":"2024-03-28T15:40:23","modified_gmt":"2024-03-28T12:40:23","slug":"turkiyegazetesi-com-trde-yer-alan-haberimiz","status":"publish","type":"post","link":"https:\/\/wilcotr.com\/en\/2024\/03\/28\/turkiyegazetesi-com-trde-yer-alan-haberimiz\/","title":{"rendered":"Our News on Turkiyegazetesi.com.tr\u2026"},"content":{"rendered":"<p>Our News on Turkiyegazetesi.com.tr\u2026<\/p>\n\n\n\n<section id=\"gmacbd270\" class=\"wp-block-gutentor-m2 section-gmacbd270 gutentor-module gutentor-dynamic-columns\"><div class=\"grid-container\"><div class=\"grid-row\">\n<div id=\"col-gmf8a893\" class=\"wp-block-gutentor-m2-col col-gmf8a893 gutentor-module gutentor-dynamic-single-column grid-lg-6 grid-md-4 grid-12\"><div id=\"section-gmf8a893\" class=\"section-gmf8a893 gutentor-single-col\">\n<figure class=\"wp-block-image size-large\"><img decoding=\"async\" loading=\"lazy\" width=\"1024\" height=\"837\" src=\"https:\/\/wilcotr.com\/wp-content\/uploads\/2024\/03\/turkiye_g-1024x837.jpg\" alt=\"\" class=\"wp-image-1048\" srcset=\"https:\/\/wilcotr.com\/wp-content\/uploads\/2024\/03\/turkiye_g-1024x837.jpg 1024w, https:\/\/wilcotr.com\/wp-content\/uploads\/2024\/03\/turkiye_g-300x245.jpg 300w, https:\/\/wilcotr.com\/wp-content\/uploads\/2024\/03\/turkiye_g-768x628.jpg 768w, https:\/\/wilcotr.com\/wp-content\/uploads\/2024\/03\/turkiye_g.jpg 1101w\" sizes=\"(max-width: 1024px) 100vw, 1024px\" \/><\/figure>\n<\/div><\/div>\n\n\n\n<div id=\"col-gmc42f9c\" class=\"wp-block-gutentor-m2-col col-gmc42f9c gutentor-module gutentor-dynamic-single-column grid-lg-6 grid-md-4 grid-12\"><div id=\"section-gmc42f9c\" class=\"section-gmc42f9c gutentor-single-col\">\n<h2 class=\"wp-block-heading has-normal-font-size\">Van\u2019da \u00f6\u011fretmen babas\u0131n\u0131n kurdu\u011fu temizlik \u015firketini Wilco Group ad\u0131yla \u00fclke genelinde bin 220 noktaya yaymay\u0131 ba\u015faran gen\u00e7 i\u015f adam\u0131 Mehmet Avc\u0131, \u015fimdi g\u00f6z\u00fcn\u00fc ABD, Japonya ve Dubai\u2019ye dikti. Avc\u0131\u2019n\u0131n hayali, T\u00fcrkiye\u2019den, d\u00fcnyay\u0131 temizleyecek global bir marka \u00e7\u0131karmak.<\/h2>\n\n\n\n<p class=\"has-small-font-size\"><strong>Cabir Tur\u011fut<\/strong><\/p>\n\n\n\n<p class=\"has-small-font-size\">Giri\u015fimcilik, T\u00fcrk insan\u0131n\u0131n genlerinde var. Kendi i\u015finin patronu olma motivasyonu ile yola \u00e7\u0131kan bir\u00e7ok T\u00fcrk giri\u015fimci, inovatif ve farkl\u0131 i\u015flerde b\u00fcy\u00fck ba\u015far\u0131lara imza at\u0131yor. Onlardan birisi de Mehmet Avc\u0131\u2026 Hik\u00e2yesi Van\u2019da ba\u015fl\u0131yor. \u0130lkokul \u00f6\u011fretmeni babas\u0131n\u0131n emekli olduktan sonra okullar\u0131 temizlemek amac\u0131yla kurdu\u011fu \u015firketi 2004\u2019te \u0130stanbul\u2019a ta\u015f\u0131yan Avc\u0131\u2019ya bug\u00fcn, b\u00fct\u00fcn \u0130ETT otob\u00fcsleri, devlet tiyatrolar\u0131 ve say\u0131s\u0131z \u015firketin hijyeni emanet. Yak\u0131n \u00e7evresinden gelen \u2018Bu i\u015f tutar m\u0131\u2019 \u015feklindeki ele\u015ftirilere de kula\u011f\u0131n\u0131 t\u0131kay\u0131p, cesur ad\u0131mlar atan Mehmet Avc\u0131 \u201c\u0130lkin okul ve evlere temizlik hizmeti veriyorduk. Memleketimize s\u0131\u011famaz olduk. \u0130stanbul\u2019a yerle\u015fip, 647 otob\u00fcs\u00fcn temizlik g\u00f6revini \u00fcstlendik. \u015eimdilerde ise vatanda\u015flar\u0131m\u0131za hizmet veren 3 bini a\u015fk\u0131n toplu ta\u015f\u0131ma arac\u0131n\u0131n temiz ve hijyenik h\u00e2le gelmesini sa\u011fl\u0131yoruz. Devlet tiyatrolar\u0131n\u0131 temizliyoruz. Toplu ta\u015f\u0131ma temizli\u011finde d\u00fcnyan\u0131n say\u0131l\u0131 be\u015f markas\u0131 aras\u0131na girdik\u201d dedi.<\/p>\n<\/div><\/div>\n<\/div><\/div><\/section>\n\n\n\n<p class=\"has-small-font-size\"><strong>\u0130LK HAMLEY\u0130 IRAK\u2019TA YAPTI<\/strong><br>T\u00fcrkiye s\u0131n\u0131rlar\u0131n\u0131 a\u015fmak i\u00e7in ilk hamleyi 2011 y\u0131l\u0131nda Irak\u2019ta i\u015f alarak yapan Wilco Gruop CEO\u2019su Mehmet Avc\u0131 \u201cAnla\u015fma sa\u011flad\u0131\u011f\u0131m\u0131z bir proje \u00e7er\u00e7evesinde \u00fclkenin \u015fehir temizli\u011fi g\u00f6revini yapacakt\u0131k. \u0130lk yurt d\u0131\u015f\u0131 deneyimimizdi. Sonra Irak\u2019ta olaylar ya\u015fan\u0131nca geri geldik. Kurumsalla\u015fman\u0131n \u00f6nemini anlad\u0131k. Global bir marka d\u00fczeyine ula\u015fmak i\u00e7in 2012 y\u0131l\u0131nda Wilco\u2019nun temellerini att\u0131k ve 5 kat b\u00fcy\u00fcd\u00fck. Mercedes-Benz, Ko\u00e7, Ziraat Bankas\u0131 gibi b\u00fcy\u00fck kurumlarla 5 y\u0131ll\u0131k hizmet anla\u015fmas\u0131 imzalad\u0131k. Van\u2019da ba\u015flayan hikayemiz, bug\u00fcn 65 ilde bin 220 noktada s\u00fcr\u00fcyor. Bizim heyecan\u0131m\u0131z \u00e7ok y\u00fcksek\u201d diye konu\u015ftu.<br><br><strong>ABD, S\u00dcRPR\u0130Z OLMAZ<\/strong><br>Wilco Group, temizlik malzemeleri alan\u0131nda uluslararas\u0131 Arcora markas\u0131n\u0131n da T\u00fcrkiye temsilci\u011fini \u00fcstlenmi\u015f durumda. \u00d6zellikle okullardaki mikrop ta\u015f\u0131ma s\u0131k\u0131nt\u0131s\u0131n\u0131 \u00e7\u00f6zmek i\u00e7in X-Line projesine ba\u015flad\u0131klar\u0131n\u0131 belirten Mehmet Avc\u0131 \u201cSusuz temizlik sistemi X-Line\u2019i Alman firman\u0131n distrib\u00fct\u00f6rl\u00fc\u011f\u00fcn\u00fc alarak, T\u00fcrkiye\u2019ye getirdik. Daha sa\u011fl\u0131kl\u0131 nesiller i\u00e7in ilk ad\u0131m\u0131 okullarda att\u0131k. \u00c7ocuklar\u0131m\u0131z\u0131n daha hijyen ve steril ortamlarda e\u011fitim g\u00f6rmelerine vesile oluyoruz\u201d \u015feklinde konu\u015ftu. Avc\u0131, sekt\u00f6rde art\u0131k 5 y\u0131ld\u0131zl\u0131 standartlara ge\u00e7en Wilco\u2019nun gelecek d\u00f6nem i\u00e7erisinde ABD, Japonya ve Dubai yolculu\u011funun ba\u015flamas\u0131n\u0131n s\u00fcrpriz olmayaca\u011f\u0131na dikkat \u00e7ekti. Avc\u0131, \u201cOrta Do\u011fu\u2019da ticaretin merkezi Dubai, Asya\u2019da Hong Kong ve bir de Amerika\u2026 Buralar vitrin olur. Japonya\u2019da da i\u015f yapmay\u0131 istiyorum\u201d dedi.<\/p>\n\n\n\n<p class=\"has-small-font-size\"><strong>D\u00d6RT B\u0130N K\u0130\u015e\u0130L\u0130K \u0130ST\u0130HDAM<\/strong><br>Hijyen sekt\u00f6r\u00fcn\u00fcn s\u00fcrekli geli\u015fti\u011finin alt\u0131n\u0131 \u00e7izen Mehmet Avc\u0131, dolay\u0131s\u0131yla AR-GE faaliyetlerine her y\u0131l proje ba\u015f\u0131na 200 bin lira ile 1 milyon lira aras\u0131nda de\u011fi\u015fen tutarlarda b\u00fct\u00e7e ay\u0131rd\u0131klar\u0131n\u0131 payla\u015ft\u0131. Avc\u0131, ge\u00e7ti\u011fimiz y\u0131l\u0131 105 milyon lira ciroyla kapatt\u0131klar\u0131, 2018\u2019de de ayn\u0131 performans\u0131 koruyacaklar\u0131 bilgisini verdi. Her y\u0131l 20 milyon lira tutar\u0131nda yat\u0131r\u0131m yapt\u0131klar\u0131n\u0131 ifade eden Avc\u0131, bu sayede 4 bin ki\u015filik dev bir istihdam kadrosu olu\u015fturduklar\u0131n\u0131 kaydetti.<\/p>\n\n\n\n<p><strong>Dostluk grubu kurdu&nbsp;Van\u2019a fabrika a\u00e7\u0131yor<\/strong><\/p>\n\n\n\n<p class=\"has-small-font-size\">Wilco Group CEO\u2019su Mehmet Avc\u0131\u2019n\u0131n, do\u011fum yeri Van\u2019da fabrika projeleri de var. Giri\u015fimcileri bir araya getirerek 25 ki\u015filik \u2018dostluk grubu\u2019nu kuran Avc\u0131, sosyal yard\u0131mla\u015fma ve gen\u00e7lerin i\u015f sahibi olmas\u0131 i\u00e7in \u00f6nemli g\u00f6revler y\u00fcr\u00fct\u00fcyor. Dostluk grubunun ilk meyvesi Van\u2019da temmuz ay\u0131 itibariyle hizmete a\u00e7\u0131lacak tekstil fabrikas\u0131 olacak. 7 milyon liral\u0131k yat\u0131r\u0131mla devreye al\u0131nacak tesiste 500 ki\u015finin istihdam edilece\u011fini a\u00e7\u0131klayan Avc\u0131 \u201c\u00dcyelerimizin yan\u0131nda devletimizin de te\u015fvik noktas\u0131nda ciddi katk\u0131lar\u0131 oldu. Biz daha makineleri almadan h\u00fck\u00fbmet arsay\u0131 teslim etmi\u015fti. \u00c7ift vardiya \u00e7al\u0131\u015facak at\u00f6lyeden \u0130spanya, \u0130talya ve yan\u0131 ba\u015f\u0131m\u0131zdaki \u0130ran\u2019a tekstil ihracat\u0131 yapaca\u011f\u0131z\u201d dedi. Stre\u00e7 film \u00fcretimi ve trakt\u00f6r fabrikas\u0131 da Avc\u0131 ve arkada\u015flar\u0131n\u0131n gelecek y\u0131l i\u00e7in planlad\u0131\u011f\u0131 yeni projeler aras\u0131nda. Ayn\u0131 zamanda T\u00dcS\u0130AD \u00fcyeli\u011fine de lay\u0131k g\u00f6r\u00fclen Mehmet Avc\u0131, i\u015f insanlar\u0131n\u0131 s\u00f6z konusu te\u015fviklerden yararlanarak, do\u011fu ve g\u00fcney illerine yat\u0131r\u0131m yapmaya davet ediyor.\u00a0<\/p>\n\n\n\n<p><a href=\"https:\/\/www.turkiyegazetesi.com.tr\/ekonomi\/562135.aspx\">https:\/\/www.turkiyegazetesi.com.tr\/ekonomi\/562135.aspx<\/a><\/p>","protected":false},"excerpt":{"rendered":"<p>Turkiyegazetesi.com.tr\u2019de Yer Alan Haberimiz\u2026 \u0130LK HAMLEY\u0130 IRAK\u2019TA YAPTIT\u00fcrkiye s\u0131n\u0131rlar\u0131n\u0131 a\u015fmak i\u00e7in ilk hamleyi 2011 y\u0131l\u0131nda Irak\u2019ta i\u015f alarak yapan Wilco Gruop CEO\u2019su Mehmet Avc\u0131 \u201cAnla\u015fma sa\u011flad\u0131\u011f\u0131m\u0131z bir proje \u00e7er\u00e7evesinde \u00fclkenin \u015fehir temizli\u011fi g\u00f6revini yapacakt\u0131k. \u0130lk yurt d\u0131\u015f\u0131 deneyimimizdi. Sonra Irak\u2019ta olaylar ya\u015fan\u0131nca geri geldik. Kurumsalla\u015fman\u0131n \u00f6nemini anlad\u0131k. Global bir marka d\u00fczeyine ula\u015fmak i\u00e7in 2012 y\u0131l\u0131nda [&hellip;]<\/p>","protected":false},"author":1,"featured_media":1048,"comment_status":"closed","ping_status":"closed","sticky":false,"template":"","format":"standard","meta":{"om_disable_all_campaigns":false,"_uf_show_specific_survey":0,"_uf_disable_surveys":false,"footnotes":""},"categories":[6],"tags":[],"aioseo_notices":[],"gutentor_comment":0,"_links":{"self":[{"href":"https:\/\/wilcotr.com\/en\/wp-json\/wp\/v2\/posts\/1047"}],"collection":[{"href":"https:\/\/wilcotr.com\/en\/wp-json\/wp\/v2\/posts"}],"about":[{"href":"https:\/\/wilcotr.com\/en\/wp-json\/wp\/v2\/types\/post"}],"author":[{"embeddable":true,"href":"https:\/\/wilcotr.com\/en\/wp-json\/wp\/v2\/users\/1"}],"replies":[{"embeddable":true,"href":"https:\/\/wilcotr.com\/en\/wp-json\/wp\/v2\/comments?post=1047"}],"version-history":[{"count":2,"href":"https:\/\/wilcotr.com\/en\/wp-json\/wp\/v2\/posts\/1047\/revisions"}],"predecessor-version":[{"id":1283,"href":"https:\/\/wilcotr.com\/en\/wp-json\/wp\/v2\/posts\/1047\/revisions\/1283"}],"wp:featuredmedia":[{"embeddable":true,"href":"https:\/\/wilcotr.com\/en\/wp-json\/wp\/v2\/media\/1048"}],"wp:attachment":[{"href":"https:\/\/wilcotr.com\/en\/wp-json\/wp\/v2\/media?parent=1047"}],"wp:term":[{"taxonomy":"category","embeddable":true,"href":"https:\/\/wilcotr.com\/en\/wp-json\/wp\/v2\/categories?post=1047"},{"taxonomy":"post_tag","embeddable":true,"href":"https:\/\/wilcotr.com\/en\/wp-json\/wp\/v2\/tags?post=1047"}],"curies":[{"name":"wp","href":"https:\/\/api.w.org\/{rel}","templated":true}]}}