{"id":1030,"date":"2024-03-28T15:19:41","date_gmt":"2024-03-28T12:19:41","guid":{"rendered":"https:\/\/wilcotr.com\/?p=1030"},"modified":"2024-03-28T15:21:56","modified_gmt":"2024-03-28T12:21:56","slug":"gazetevatan-comda-yer-alan-haberimiz","status":"publish","type":"post","link":"https:\/\/wilcotr.com\/en\/2024\/03\/28\/gazetevatan-comda-yer-alan-haberimiz\/","title":{"rendered":"Our News on Gazetevatan.com\u2026"},"content":{"rendered":"<p>Our News on Gazetevatan.com\u2026<\/p>\n\n\n\n<section id=\"gmb3a1abc\" class=\"wp-block-gutentor-m2 section-gmb3a1abc gutentor-module gutentor-dynamic-columns\"><div class=\"grid-container\"><div class=\"grid-row\">\n<div id=\"col-gmd3ede7\" class=\"wp-block-gutentor-m2-col col-gmd3ede7 gutentor-module gutentor-dynamic-single-column grid-lg-6 grid-md-4 grid-12\"><div id=\"section-gmd3ede7\" class=\"section-gmd3ede7 gutentor-single-col\">\n<figure class=\"wp-block-image size-large\"><img decoding=\"async\" loading=\"lazy\" width=\"1024\" height=\"837\" src=\"https:\/\/wilcotr.com\/wp-content\/uploads\/2024\/03\/vatan-1024x837.jpg\" alt=\"\" class=\"wp-image-1031\" srcset=\"https:\/\/wilcotr.com\/wp-content\/uploads\/2024\/03\/vatan-1024x837.jpg 1024w, https:\/\/wilcotr.com\/wp-content\/uploads\/2024\/03\/vatan-300x245.jpg 300w, https:\/\/wilcotr.com\/wp-content\/uploads\/2024\/03\/vatan-768x628.jpg 768w, https:\/\/wilcotr.com\/wp-content\/uploads\/2024\/03\/vatan.jpg 1101w\" sizes=\"(max-width: 1024px) 100vw, 1024px\" \/><\/figure>\n<\/div><\/div>\n\n\n\n<div id=\"col-gm9cb735\" class=\"wp-block-gutentor-m2-col col-gm9cb735 gutentor-module gutentor-dynamic-single-column grid-lg-6 grid-md-4 grid-12\"><div id=\"section-gm9cb735\" class=\"section-gm9cb735 gutentor-single-col\">\n<p class=\"has-small-font-size\">Bundan tam 24 y\u0131l \u00f6nce Vanl\u0131 \u00f6\u011fretmen R\u0131fat Avc\u0131 taraf\u0131ndan kurulan WilcoGroup, y\u0131llar i\u00e7inde elde etti\u011fi \u00f6rnek ba\u015far\u0131 nedeniyle, \u00fcniversitede tez konusu oluyor.<\/p>\n\n\n\n<p class=\"has-small-font-size\">Van Y\u00fcz\u00fcnc\u00fc Y\u0131l \u0130ktisadi ve \u0130dari Bilimler Fak\u00fcltesi\u0130ktisat B\u00f6l\u00fcm\u00fc \u00d6\u011frencileri, WilcoGroup\u2019u \u00f6ncelikle ortak bir d\u00f6nem projesi olarak ele alacaklar. Bu kapsamda bir araya gelen 7\u00f6\u011frenci ,Yard. Do\u00e7. Dr. \u015eakir \u0130\u015fleyen\u2019in proje dan\u0131\u015fmanl\u0131\u011f\u0131 ile i\u015fe koyuldular.<\/p>\n\n\n\n<p class=\"has-small-font-size\">Nazl\u0131 Sa\u011fbalta, \u015eakir Tekin, Dilan \u00c7akmak, Zafer Arg\u0131n, \u00d6zg\u00fcr Sar\u0131bulak, Bar\u0131\u015f Sungur ve Mahmut Da\u011fa\u00e7 adl\u0131 \u00f6\u011frencilerden kurulu ara\u015ft\u0131rma grubu,, Van\u2019dan do\u011fan ve sonradan headquarter\u2019\u0131n\u0131\u0130stanbul\u2019a ta\u015f\u0131yan \u015firketin, T\u00fcrkiye genelinde g\u00f6sterdi\u011fi ola\u011fan\u00fcst\u00fc ba\u015far\u0131s\u0131ndan \u00e7ok etkilendiklerini s\u00f6ylediler.Amerikal\u0131lar i\u00e7in nas\u0131l Amerikan r\u00fcyas\u0131 varsa Wilco\u2019nunda ta\u015frada ya\u015fayanlar i\u00e7in ger\u00e7ek bir Anadolu r\u00fcyas\u0131 oldu\u011funu belirten \u00f6\u011frenciler, s\u00f6zlerini \u015f\u00f6yle s\u00fcrd\u00fcrd\u00fcler: \u2018\u2019Anadolu\u2019dan do\u011fmu\u015f k\u00fc\u00e7\u00fck bir \u015firketin h\u0131zla ilerlemesi, b\u00fcy\u00fcmesi ve kendini modernize ederek T\u00fcrkiye\u2019nin en prestijlikurumlar\u0131na hizmet verir gelmesi, akademik olarak incelenmesi gereken bir konu. Bizler bu anlamda bu ba\u015far\u0131n\u0131 s\u0131rr\u0131n\u0131 \u00e7\u00f6zmeye \u00e7al\u0131\u015faca\u011f\u0131z. Wilco, bir aile \u015firketi olarak nas\u0131l stratejiler izledi, nas\u0131lmanagement teknikleri uygulad\u0131 ki h\u0131zla kurumsalla\u015ft\u0131 ve \u015firketi yetkinprofesy\u00f6nellerin eline teslim etti?\u0130\u015fte bu sorular\u0131n cevab\u0131n\u0131 \u00e7ok merak ediyoruz. \u00c7\u00fcnk\u00fc bu cevaplar, b\u00fcy\u00fcmek isteyen pek \u00e7ok \u015firket i\u00e7inde yol g\u00f6sterici olacak.<\/p>\n<\/div><\/div>\n<\/div><\/div><\/section>\n\n\n\n<p class=\"has-small-font-size\">\u00d6\u011frencilerin bu \u00e7abas\u0131ndan etkilenenWilcoGroup Genel M\u00fcd\u00fcr\u00fc Mehmet Avc\u0131, Van Y\u00fcz\u00fcnc\u00fc Y\u0131l \u00dcniversitesi\u2019ni ziyaret ederek, hem \u00f6\u011frencilerle hem de dan\u0131\u015fmanlar\u0131 olan Do\u00e7. Dr. \u015eakir \u0130\u015fleyen ile g\u00f6r\u00fc\u015fmeler yapt\u0131. Avc\u0131, konuya y\u00f6nelik olarak \u015fu a\u00e7\u0131klamada bulundu: \u2018\u2019Babam y\u0131llar \u00f6nce ek gelir elde etmek i\u00e7in bir ofis temizlik \u015firketi olan Van-Tem\u2019i kurdu. O zamanlar \u00e7evresindekiler, babam\u0131n bu giri\u015fimine burun k\u0131v\u0131rm\u0131\u015ft\u0131. Ancak babam R\u0131fat Avc\u0131 bu i\u015fe inand\u0131 ve bu sekt\u00f6r\u00fcn gelecekte \u00e7ok b\u00fcy\u00fcyece\u011fini d\u00fc\u015f\u00fcnd\u00fc. Nitekim inanc\u0131nda hakl\u0131 \u00e7\u0131kt\u0131. Kamu kurumlar\u0131nda bu hizmetin \u00f6zelle\u015fmesi, sekt\u00f6r\u00fcn b\u00fcy\u00fcmesine yol a\u00e7arken, bizim de \u00f6n\u00fcm\u00fcz\u00fc a\u00e7t\u0131. Bug\u00fcn Karsan,Mecedesgibi prestijlifirmalar i\u00e7in end\u00fcstriyel temizlik i\u015flemleri yap\u0131yoruz. Ziraat Bankas\u0131 gibi dev bir kurulu\u015fun T\u00fcrkiye \u00e7ap\u0131nda b\u00fct\u00fcn ofis-tesis temizlik ihtiya\u00e7lar\u0131n\u0131, i\u015finin ehli olan uzman ekibimizle, biz kar\u015f\u0131l\u0131yoruz. Sayg\u0131n bir kurum olan Devlet Tiyatrolar\u0131 Genel M\u00fcd\u00fcrl\u00fc\u011f\u00fc\u2019ne personel deste\u011fi sa\u011fl\u0131yoruz. Dev toplu ta\u015f\u0131m filolar\u0131n\u0131n hijyenik temizli\u011fini sa\u011fl\u0131yoruz ve bu konuda Amerikal\u0131lar\u2019dan bile daha iyi oldu\u011fumuz konusunda iddial\u0131y\u0131z. \u00c7e\u015fitli alanlarda faaliyet y\u00fcr\u00fcten \u015firketlerin ge\u00e7ici eleman ihtiya\u00e7lar\u0131n\u0131 kar\u015f\u0131l\u0131yoruz, onlara bordrolama hizmeti veriyoruz. Bina ve tesis y\u00f6netimi yap\u0131yoruz. A\u00e7\u0131k alanlar\u0131n ve bina d\u0131\u015f cephelerinin temizli\u011fini yap\u0131yoruz. Kat\u0131 at\u0131klar\u0131n toplanmas\u0131 i\u015flemlerini y\u00fcr\u00fct\u00fcyoruz.2 bin 500 \u00e7al\u0131\u015fan\u0131m\u0131zla toplam 65 ilde faaliyet y\u00fcr\u00fct\u00fcyoruz.\u2019\u2019<\/p>\n\n\n\n<p class=\"has-small-font-size\">Gen\u00e7 y\u00f6netici Avc\u0131, \u00f6\u011frencilere WilcoGroup ile ilgili \u00e7al\u0131\u015fmalar\u0131n\u0131 tamamlamalar\u0131 i\u00e7in her t\u00fcrl\u00fc deste\u011fi vereceklerini s\u00f6yledi.<\/p>\n\n\n\n<p><a href=\"https:\/\/www.gazetevatan.com\/ekonomi\/bu-sirket-universitede-tez-konusu-oldu-755984\">https:\/\/www.gazetevatan.com\/ekonomi\/bu-sirket-universitede-tez-konusu-oldu-755984<\/a><\/p>","protected":false},"excerpt":{"rendered":"<p>Gazetevatan.com\u2019da Yer Alan Haberimiz\u2026 \u00d6\u011frencilerin bu \u00e7abas\u0131ndan etkilenenWilcoGroup Genel M\u00fcd\u00fcr\u00fc Mehmet Avc\u0131, Van Y\u00fcz\u00fcnc\u00fc Y\u0131l \u00dcniversitesi\u2019ni ziyaret ederek, hem \u00f6\u011frencilerle hem de dan\u0131\u015fmanlar\u0131 olan Do\u00e7. Dr. \u015eakir \u0130\u015fleyen ile g\u00f6r\u00fc\u015fmeler yapt\u0131. Avc\u0131, konuya y\u00f6nelik olarak \u015fu a\u00e7\u0131klamada bulundu: \u2018\u2019Babam y\u0131llar \u00f6nce ek gelir elde etmek i\u00e7in bir ofis temizlik \u015firketi olan Van-Tem\u2019i kurdu. O zamanlar [&hellip;]<\/p>","protected":false},"author":1,"featured_media":1031,"comment_status":"closed","ping_status":"closed","sticky":false,"template":"","format":"standard","meta":{"om_disable_all_campaigns":false,"_uf_show_specific_survey":0,"_uf_disable_surveys":false,"footnotes":""},"categories":[6],"tags":[],"aioseo_notices":[],"gutentor_comment":0,"_links":{"self":[{"href":"https:\/\/wilcotr.com\/en\/wp-json\/wp\/v2\/posts\/1030"}],"collection":[{"href":"https:\/\/wilcotr.com\/en\/wp-json\/wp\/v2\/posts"}],"about":[{"href":"https:\/\/wilcotr.com\/en\/wp-json\/wp\/v2\/types\/post"}],"author":[{"embeddable":true,"href":"https:\/\/wilcotr.com\/en\/wp-json\/wp\/v2\/users\/1"}],"replies":[{"embeddable":true,"href":"https:\/\/wilcotr.com\/en\/wp-json\/wp\/v2\/comments?post=1030"}],"version-history":[{"count":2,"href":"https:\/\/wilcotr.com\/en\/wp-json\/wp\/v2\/posts\/1030\/revisions"}],"predecessor-version":[{"id":1297,"href":"https:\/\/wilcotr.com\/en\/wp-json\/wp\/v2\/posts\/1030\/revisions\/1297"}],"wp:featuredmedia":[{"embeddable":true,"href":"https:\/\/wilcotr.com\/en\/wp-json\/wp\/v2\/media\/1031"}],"wp:attachment":[{"href":"https:\/\/wilcotr.com\/en\/wp-json\/wp\/v2\/media?parent=1030"}],"wp:term":[{"taxonomy":"category","embeddable":true,"href":"https:\/\/wilcotr.com\/en\/wp-json\/wp\/v2\/categories?post=1030"},{"taxonomy":"post_tag","embeddable":true,"href":"https:\/\/wilcotr.com\/en\/wp-json\/wp\/v2\/tags?post=1030"}],"curies":[{"name":"wp","href":"https:\/\/api.w.org\/{rel}","templated":true}]}}