{"id":1013,"date":"2024-03-28T14:54:56","date_gmt":"2024-03-28T11:54:56","guid":{"rendered":"https:\/\/wilcotr.com\/?p=1013"},"modified":"2024-04-03T12:49:15","modified_gmt":"2024-04-03T09:49:15","slug":"vansesigazetesi-com-da-yer-alan-haberimiz","status":"publish","type":"post","link":"https:\/\/wilcotr.com\/en\/2024\/03\/28\/vansesigazetesi-com-da-yer-alan-haberimiz\/","title":{"rendered":"Our News on Vansesigazetesi.com\u2026"},"content":{"rendered":"<p>Our News on Vansesigazetesi.com\u2026<\/p>\n\n\n\n<section id=\"gmb922a68\" class=\"wp-block-gutentor-m2 section-gmb922a68 gutentor-module gutentor-dynamic-columns\"><div class=\"grid-container\"><div class=\"grid-row\">\n<div id=\"col-gma2e1d1\" class=\"wp-block-gutentor-m2-col col-gma2e1d1 gutentor-module gutentor-dynamic-single-column grid-lg-6 grid-md-4 grid-12\"><div id=\"section-gma2e1d1\" class=\"section-gma2e1d1 gutentor-single-col\">\n<figure class=\"wp-block-image size-large\"><img decoding=\"async\" loading=\"lazy\" width=\"1024\" height=\"837\" src=\"https:\/\/wilcotr.com\/wp-content\/uploads\/2024\/03\/vansesi-1024x837.jpg\" alt=\"\" class=\"wp-image-1014\" srcset=\"https:\/\/wilcotr.com\/wp-content\/uploads\/2024\/03\/vansesi-1024x837.jpg 1024w, https:\/\/wilcotr.com\/wp-content\/uploads\/2024\/03\/vansesi-300x245.jpg 300w, https:\/\/wilcotr.com\/wp-content\/uploads\/2024\/03\/vansesi-768x628.jpg 768w, https:\/\/wilcotr.com\/wp-content\/uploads\/2024\/03\/vansesi.jpg 1101w\" sizes=\"(max-width: 1024px) 100vw, 1024px\" \/><\/figure>\n<\/div><\/div>\n\n\n\n<div id=\"col-gm55ec59\" class=\"wp-block-gutentor-m2-col col-gm55ec59 gutentor-module gutentor-dynamic-single-column grid-lg-6 grid-md-4 grid-12\"><div id=\"section-gm55ec59\" class=\"section-gm55ec59 gutentor-single-col\">\n<h1 class=\"wp-block-heading has-large-font-size\">VANLI OLMAK AVANTAJDIR<\/h1>\n\n\n\n<p class=\"has-small-font-size\">Van Dostluk Grubu Y\u00f6netim Kurulu Ba\u015fkan\u0131 ve Wilco Group Genel M\u00fcd\u00fcr\u00fc Vanl\u0131 Mehmet Avc\u0131, Vanl\u0131 i\u015fadam\u0131 \u0130shak Sevimli ile birlikte gazetemizi ziyaret ederek, yaz\u0131 i\u015fleri m\u00fcd\u00fcr\u00fcm\u00fcz \u0130kram Kali ile g\u00f6r\u00fc\u015ft\u00fc.<\/p>\n\n\n\n<p class=\"has-small-font-size\"><strong>\u201cVanl\u0131l\u0131k ismini y\u0131pratmaya \u00e7al\u0131\u015f\u0131yorlar\u201d<\/strong><\/p>\n\n\n\n<p class=\"has-small-font-size\">Van isminin baz\u0131 kesimler taraf\u0131ndan bilerek veya bilmeyerek y\u0131prat\u0131lmaya \u00e7al\u0131\u015f\u0131ld\u0131\u011f\u0131n\u0131 ifade eden Avc\u0131, \u201cVanl\u0131 kimli\u011fimizle her yerde sevgiyle ve sayg\u0131yla kar\u015f\u0131l\u0131k buluyoruz. Vanl\u0131 olmak avantajd\u0131r. D\u00fcnyan\u0131n do\u011fusu her zaman geri kalm\u0131\u015f, maalesef T\u00fcrkiye\u2019nin do\u011fusu da negatif y\u00f6nde. Ama Van tarihsel birikimiyle entelekt\u00fcel yap\u0131s\u0131yla bat\u0131 illerimizle h\u0131zl\u0131 \u015fekilde entegre olabiliyor. Hem Do\u011fu k\u00fclt\u00fcr\u00fcn\u00fc, hem de Bat\u0131 k\u00fclt\u00fcr\u00fcn\u00fc i\u00e7inde bar\u0131nd\u0131ran, daha ziyade bat\u0131yla i\u00e7 i\u00e7e ya\u015fayabilen bir g\u00f6r\u00fcnt\u00fc vermi\u015ftir. Vanl\u0131l\u0131k ge\u00e7mi\u015ften bu yana \u00e7ok ciddi \u015fekilde \u00f6n plana \u00e7\u0131k\u0131yor. Vanl\u0131lar\u0131n her zaman toplumda kar\u015f\u0131l\u0131\u011f\u0131 olmu\u015ftur. Fakat baz\u0131 kesimler Vanl\u0131l\u0131k kimli\u011fini bilerek veya bilmeyerek y\u0131pratmaya \u00e7al\u0131\u015f\u0131yor\u201d dedi.<\/p>\n<\/div><\/div>\n<\/div><\/div><\/section>\n\n\n\n<p><strong>\u201cUlusal ve uluslararas\u0131 markalarla \u00e7al\u0131\u015f\u0131yoruz\u201d<\/strong><\/p>\n\n\n\n<p class=\"has-small-font-size\">Wilco Group olarak \u00e7ok \u00f6nemli firmalarla \u00e7al\u0131\u015ft\u0131klar\u0131n\u0131 belirten Avc\u0131, \u201c\u0130\u015f hayat\u0131nda g\u00fcven en \u00f6nemli unsurdur. G\u00fcvenle ticaret olur, g\u00fcvenle s\u00fcrd\u00fcr\u00fcl\u00fcr. Her ne kadar sizin ba\u015far\u0131n\u0131z, markan\u0131z, \u00e7al\u0131\u015fmalar\u0131n\u0131z, bekraunntunuz ve organizasyon yap\u0131n\u0131z iyi olsa da g\u00fcven ortam\u0131 olu\u015fmad\u0131\u011f\u0131 zaman uzun s\u00fcreli ticaret yapamazs\u0131n\u0131z. Bizim hikayemiz 1991 y\u0131l\u0131nda Van\u2019da ba\u015fl\u0131yor. Hikayemiz Van oldu\u011fu i\u00e7in negatif ve pozitif y\u00f6nden alg\u0131 olu\u015fuyor. \u00c7\u00fcnk\u00fc her \u015fey bat\u0131dan do\u011fuya gelirken, biz do\u011fudan bat\u0131ya birikim ve tecr\u00fcbemizi g\u00f6t\u00fcrerek, Van merkezli bir yap\u0131y\u0131 olu\u015fturduk. Bundan dolay\u0131 Vanl\u0131l\u0131k bizim ticaretimizle ilgili olarak da g\u00fczel bir alg\u0131 olu\u015fturdu. Ayn\u0131 zamanda bir\u00e7ok Vanl\u0131 bu isimden faydalan\u0131yor. Biz Vanl\u0131l\u0131k kimli\u011fi ve ruhunu daha iyi noktalara ta\u015f\u0131yaca\u011f\u0131z. Vanl\u0131l\u0131k kimli\u011fi a\u00e7\u0131k \u00e7ek gibidir. Ziraat Bankas\u0131yla yakla\u015f\u0131k 6 bu\u00e7uk y\u0131ld\u0131r \u00e7al\u0131\u015f\u0131yoruz. Ko\u00e7 Holding, Karsan, Mercedes Benz gibi ulusal ve uluslararas\u0131 markalarla \u00e7al\u0131\u015f\u0131yoruz. En son Deniz Bank 10 y\u0131ld\u0131r \u00e7al\u0131\u015ft\u0131\u011f\u0131 \u015firketi bir anda de\u011fi\u015ftirerek, Wilco Group ile \u00e7al\u0131\u015fmaya karar verdi. T\u00fcrkiye geneli 81 ilde 4 bin \u00e7al\u0131\u015fan\u0131m\u0131zla b\u00f6yle bir hizmete ba\u015flad\u0131k. Vanl\u0131 hem\u015fehrilerimiz biraz daha kendi ismine yak\u0131\u015fan do\u011fru aktiviteler yapmas\u0131 gerekiyor\u201d diye konu\u015ftu.<\/p>\n\n\n\n<p><strong>\u201cVan d\u0131\u015f\u0131nda kurulan STK\u2019larda yap\u0131lanma sorunu var\u201d<\/strong><\/p>\n\n\n\n<p class=\"has-small-font-size\">Van d\u0131\u015f\u0131nda kurulan ancak amac\u0131n\u0131n d\u0131\u015f\u0131nda hareket eden STK\u2019lar\u0131n ba\u015far\u0131l\u0131 olamayaca\u011f\u0131n\u0131 s\u00f6yleyen Avc\u0131, \u201cSTK\u2019lar kurulu\u015f amac\u0131n\u0131n d\u0131\u015f\u0131nda hizmet ediyorsa verimli olamaz. Vak\u0131f dernekleri isimlendirip kurulu\u015funu yapt\u0131ktan sonra y\u00f6netim kurulunu belirliyorsunuz. Daha sonraki s\u00fcre\u00e7te amac\u0131na uygun hareket etmedi\u011finiz i\u00e7in etkili olam\u0131yorsunuz. Bizim en b\u00fcy\u00fck yaram\u0131z STK\u2019lar\u0131n yap\u0131lanmas\u0131ndad\u0131r. Yap\u0131lanmalarda, etkinliklerde s\u0131k\u0131nt\u0131 var. \u00d6rne\u011fin STK ba\u015fkanlar\u0131 ve y\u00f6netimlerine bakt\u0131\u011f\u0131m\u0131z zaman hepsi \u00e7al\u0131\u015f\u0131yor fakat planl\u0131, do\u011fru \u00e7al\u0131\u015fma olmad\u0131\u011f\u0131ndan sonu\u00e7 al\u0131nam\u0131yor. Bu ba\u015far\u0131s\u0131zl\u0131klar di\u011fer alanlar\u0131 da etkiliyor. Sosyal medyada 100 be\u011feni alan ki\u015filer normal gazeteci gibi hareket ediyor. Ehil insanlar\u0131n g\u00f6rev ba\u015f\u0131nda olmas\u0131 gerekiyor. \u0130kram Kali yaz\u0131lar\u0131yla Van yarar\u0131na, topluma olumlu iyi y\u00f6nde katk\u0131 sunup y\u00f6nlendirecek k\u00f6\u015fe yaz\u0131lar\u0131 yaz\u0131yor. \u0130nsanlar en iyi yapabildi\u011fi i\u015fi yapmal\u0131d\u0131r. Birden fazla i\u015f yapmamal\u0131d\u0131r. Herkes kendi alan\u0131nda \u00e7al\u0131\u015f\u0131rsa daha iyi yerlere gelir\u201d \u015feklinde konu\u015ftu.<\/p>\n\n\n\n<figure class=\"wp-block-image\"><img decoding=\"async\" src=\"http:\/\/vansesigazetesi.com\/resimler\/mehmet_avci2_d3cd15dde3fc8ca3d26f.jpg\" alt=\"\"\/><\/figure>\n\n\n\n<p><strong>\u201c33\u2019\u00fcnc\u00fc toplant\u0131m\u0131z\u0131 yapaca\u011f\u0131z\u201d<\/strong><\/p>\n\n\n\n<p class=\"has-small-font-size\">25 i\u015f adam\u0131ndan olu\u015fan Van Dostluk Grubunun \u00e7ok g\u00fczel \u00e7al\u0131\u015fmalara imza att\u0131\u011f\u0131n\u0131 belirten Avc\u0131, \u201cDostluk Grubu STK\u2019lar\u0131n amac\u0131n\u0131 i\u00e7inde bar\u0131nd\u0131r\u0131yor. \u015euan istikrarl\u0131 bir \u015fekilde ilerliyor. Her bir \u00fcyemizin ev sahipli\u011finde toplant\u0131m\u0131z\u0131 ger\u00e7ekle\u015ftiriyoruz. 33\u2019\u00fcnc\u00fc toplant\u0131m\u0131z\u0131 yapaca\u011f\u0131z. Kat\u0131l\u0131m say\u0131s\u0131 ortalama y\u00fczde 90\u2019d\u0131r. Van\u2019da tekstil sanayii kurarak, do\u011fru i\u015fler yapt\u0131\u011f\u0131m\u0131z\u0131 g\u00f6rd\u00fck. Bunu ba\u015farabildik, \u015fuan \u00fcretimlerimiz ma\u011fazalarda sat\u0131l\u0131yor. Sosyal yard\u0131mla\u015fmayla ilgili \u00e7ok g\u00fczel \u00e7al\u0131\u015fmalar yapt\u0131k. Bir ailemizi ev sahibi yapt\u0131k. Bunun yan\u0131nda y\u0131lda 3-4 bin \u00f6\u011frencimize \u00e7e\u015fitli yard\u0131mlar yap\u0131yoruz. Bir\u00e7ok insana yard\u0131m eli uzat\u0131yoruz. Bizim as\u0131l kurulu\u015f amac\u0131m\u0131z fikir, giri\u015fim ve yat\u0131r\u0131md\u0131r. Dostluk Grubunu i\u015f d\u00fcnyas\u0131n\u0131n takip edece\u011fi bir yap\u0131 haline getirmek istiyoruz. Bunu \u00e7ok kalabal\u0131k veya \u00fcye say\u0131s\u0131n\u0131 art\u0131rarak de\u011fil, icraatlar\u0131m\u0131zla yapmak istiyoruz. Grup olarak Vanl\u0131l\u0131k ruhunu \u00e7ok iyi \u015fekilde temsil ediyoruz\u201d dedi.<\/p>\n\n\n\n<p>Yaz\u0131 i\u015fleri m\u00fcd\u00fcr\u00fcm\u00fcz \u0130kram Kali ziyaretten duydu\u011fu memnuniyeti dile getirerek, te\u015fekk\u00fcr etti.&nbsp;<\/p>\n\n\n\n<p><a href=\"https:\/\/www.vansesigazetesi.com\/haber-vanlI-olmak-avantajdIr-63389.html\">https:\/\/www.vansesigazetesi.com\/haber-vanlI-olmak-avantajdIr-63389.html<\/a><\/p>","protected":false},"excerpt":{"rendered":"<p>Vansesigazetesi.com\u2019 da Yer Alan Haberimiz\u2026 \u201cUlusal ve uluslararas\u0131 markalarla \u00e7al\u0131\u015f\u0131yoruz\u201d Wilco Group olarak \u00e7ok \u00f6nemli firmalarla \u00e7al\u0131\u015ft\u0131klar\u0131n\u0131 belirten Avc\u0131, \u201c\u0130\u015f hayat\u0131nda g\u00fcven en \u00f6nemli unsurdur. G\u00fcvenle ticaret olur, g\u00fcvenle s\u00fcrd\u00fcr\u00fcl\u00fcr. Her ne kadar sizin ba\u015far\u0131n\u0131z, markan\u0131z, \u00e7al\u0131\u015fmalar\u0131n\u0131z, bekraunntunuz ve organizasyon yap\u0131n\u0131z iyi olsa da g\u00fcven ortam\u0131 olu\u015fmad\u0131\u011f\u0131 zaman uzun s\u00fcreli ticaret yapamazs\u0131n\u0131z. Bizim hikayemiz 1991 [&hellip;]<\/p>","protected":false},"author":1,"featured_media":1014,"comment_status":"closed","ping_status":"closed","sticky":false,"template":"","format":"standard","meta":{"om_disable_all_campaigns":false,"_uf_show_specific_survey":0,"_uf_disable_surveys":false,"footnotes":""},"categories":[6],"tags":[],"aioseo_notices":[],"gutentor_comment":0,"_links":{"self":[{"href":"https:\/\/wilcotr.com\/en\/wp-json\/wp\/v2\/posts\/1013"}],"collection":[{"href":"https:\/\/wilcotr.com\/en\/wp-json\/wp\/v2\/posts"}],"about":[{"href":"https:\/\/wilcotr.com\/en\/wp-json\/wp\/v2\/types\/post"}],"author":[{"embeddable":true,"href":"https:\/\/wilcotr.com\/en\/wp-json\/wp\/v2\/users\/1"}],"replies":[{"embeddable":true,"href":"https:\/\/wilcotr.com\/en\/wp-json\/wp\/v2\/comments?post=1013"}],"version-history":[{"count":5,"href":"https:\/\/wilcotr.com\/en\/wp-json\/wp\/v2\/posts\/1013\/revisions"}],"predecessor-version":[{"id":1298,"href":"https:\/\/wilcotr.com\/en\/wp-json\/wp\/v2\/posts\/1013\/revisions\/1298"}],"wp:featuredmedia":[{"embeddable":true,"href":"https:\/\/wilcotr.com\/en\/wp-json\/wp\/v2\/media\/1014"}],"wp:attachment":[{"href":"https:\/\/wilcotr.com\/en\/wp-json\/wp\/v2\/media?parent=1013"}],"wp:term":[{"taxonomy":"category","embeddable":true,"href":"https:\/\/wilcotr.com\/en\/wp-json\/wp\/v2\/categories?post=1013"},{"taxonomy":"post_tag","embeddable":true,"href":"https:\/\/wilcotr.com\/en\/wp-json\/wp\/v2\/tags?post=1013"}],"curies":[{"name":"wp","href":"https:\/\/api.w.org\/{rel}","templated":true}]}}